{"id":67184,"date":"2026-01-20T12:29:21","date_gmt":"2026-01-20T11:29:21","guid":{"rendered":"https:\/\/www.colorker.com\/blog\/whats-next-colorker-presenta-en-primicia-sus-apuestas-de-diseno-para-2026\/"},"modified":"2026-01-20T12:32:31","modified_gmt":"2026-01-20T11:32:31","slug":"whats-next-colorker-presenta-en-primicia-sus-apuestas-de-diseno-para-2026","status":"publish","type":"post","link":"https:\/\/www.colorker.com\/fr\/blog\/whats-next-colorker-presenta-en-primicia-sus-apuestas-de-diseno-para-2026\/","title":{"rendered":"What\u2019s Next : Colorker pr\u00e9sente en avant-premi\u00e8re ses propositions de design pour 2026"},"content":{"rendered":"<p><strong>What&rsquo;s Next<\/strong> est le nom de l&rsquo;\u00e9v\u00e9nement organis\u00e9 par Colorker pour donner un aper\u00e7u de ses principales innovations c\u00e9ramiques pour 2026. Du <strong>9 au 27\u00a0f\u00e9vrier<\/strong>, l&rsquo;entreprise espagnole r\u00e9unira des clients et des professionnels du monde entier dans son showroom pour pr\u00e9senter, en exclusivit\u00e9, les nouvelles collections et lignes de design qui marqueront sa prochaine ann\u00e9e.<\/p>\n<p>Avec cette rencontre, Colorker renforce sa strat\u00e9gie en <strong>anticipant la pr\u00e9sentation de ses produits<\/strong> et offre \u00e0 ses clients une vision claire et d\u00e9taill\u00e9e des propositions qui seront ensuite expos\u00e9es lors des principaux \u00e9v\u00e9nements internationaux du secteur, tels que <strong>Coverings<\/strong> et <strong>Cersaie<\/strong>.<\/p>\n<p><strong>Un rendez-vous strat\u00e9gique pour les clients internationaux<\/strong><\/p>\n<p>Con\u00e7u comme un \u00e9v\u00e9nement commercial et relationnel, <strong>What&rsquo;s Next<\/strong> permet \u00e0 Colorker d&rsquo;\u00e9tablir un contact direct et personnalis\u00e9 avec ses clients, offrant un environnement id\u00e9al pour l&rsquo;\u00e9change d&rsquo;id\u00e9es, l&rsquo;analyse des tendances et la prise de d\u00e9cisions strat\u00e9giques.<\/p>\n<p>Au cours de l&rsquo;\u00e9v\u00e9nement, les participants pourront d\u00e9couvrir ce qui suit\u00a0:<\/p>\n<ul>\n<li>Les <strong>nouvelles collections de c\u00e9ramiques<\/strong> qui seront lanc\u00e9es en 2026.<\/li>\n<li>Les <strong>principales lignes de conception et de d\u00e9veloppement des produits<\/strong> de la marque.<\/li>\n<li>Des applications et des solutions con\u00e7ues pour diff\u00e9rents march\u00e9s et types de projets.<\/li>\n<li>La vision de Colorker sur l&rsquo;\u00e9volution du design c\u00e9ramique au niveau international.<\/li>\n<\/ul>\n<p><strong>\u00a0<\/strong><\/p>\n<p><strong>Un aper\u00e7u avant les grands salons du secteur<\/strong><\/p>\n<p>Dans un contexte o\u00f9 les salons tels que Coverings et Cersaie jouent un r\u00f4le majeur, <strong>What&rsquo;s Next<\/strong> se positionne comme un espace introductif, qui permet \u00e0 Colorker de pr\u00e9senter ses nouveaux produits de mani\u00e8re plus approfondie et d\u00e9taill\u00e9e, dans son propre environnement et dans le respect des valeurs de la marque.<\/p>\n<p>Le showroom de Colorker devient ainsi le lieu o\u00f9 le design, l&rsquo;innovation et la strat\u00e9gie commerciale se rejoignent pour offrir une exp\u00e9rience compl\u00e8te au client professionnel.<\/p>\n<p><strong>\u00a0<\/strong><\/p>\n<p><strong>Colorker, tourn\u00e9e vers l&rsquo;avenir<\/strong><\/p>\n<p>Avec <strong>What&rsquo;s Next<\/strong>, Colorker r\u00e9affirme son engagement en mati\u00e8re de design, d&rsquo;innovation et de proximit\u00e9 avec le march\u00e9, consolidant ainsi sa position de marque dot\u00e9e d&rsquo;une vision internationale et d&rsquo;une proposition de valeur solide et diff\u00e9renciatrice.<\/p>\n<p>Du <strong>9 au 27\u00a0f\u00e9vrier<\/strong>, Colorker pr\u00e9sente les nouveaut\u00e9s.<\/p>\n","protected":false},"excerpt":{"rendered":"<p>What&rsquo;s Next est le nom de l&rsquo;\u00e9v\u00e9nement organis\u00e9 par Colorker pour donner un aper\u00e7u de ses principales innovations c\u00e9ramiques pour 2026. Du 9 au 27\u00a0f\u00e9vrier, l&rsquo;entreprise espagnole r\u00e9unira des clients et des professionnels du monde entier dans son showroom pour pr\u00e9senter, en exclusivit\u00e9, les nouvelles collections et lignes de design qui marqueront sa prochaine ann\u00e9e. [&hellip;]<\/p>\n","protected":false},"author":1,"featured_media":67172,"comment_status":"closed","ping_status":"closed","sticky":false,"template":"","format":"standard","meta":{"_acf_changed":false,"footnotes":""},"categories":[766],"tags":[],"class_list":["post-67184","post","type-post","status-publish","format-standard","has-post-thumbnail","hentry","category-actualidad"],"acf":[],"yoast_head":"<!-- This site is optimized with the Yoast SEO plugin v27.5 - https:\/\/yoast.com\/product\/yoast-seo-wordpress\/ -->\n<title>What\u2019s Next : Colorker pr\u00e9sente en avant-premi\u00e8re ses propositions de design pour 2026 - Colorker<\/title>\n<meta name=\"robots\" content=\"index, follow, max-snippet:-1, max-image-preview:large, max-video-preview:-1\" \/>\n<link rel=\"canonical\" href=\"https:\/\/www.colorker.com\/fr\/blog\/whats-next-colorker-presenta-en-primicia-sus-apuestas-de-diseno-para-2026\/\" \/>\n<meta property=\"og:locale\" content=\"fr_FR\" \/>\n<meta property=\"og:type\" content=\"article\" \/>\n<meta property=\"og:title\" content=\"What\u2019s Next : Colorker pr\u00e9sente en avant-premi\u00e8re ses propositions de design pour 2026 - Colorker\" \/>\n<meta property=\"og:description\" content=\"What&rsquo;s Next est le nom de l&rsquo;\u00e9v\u00e9nement organis\u00e9 par Colorker pour donner un aper\u00e7u de ses principales innovations c\u00e9ramiques pour 2026. Du 9 au 27\u00a0f\u00e9vrier, l&rsquo;entreprise espagnole r\u00e9unira des clients et des professionnels du monde entier dans son showroom pour pr\u00e9senter, en exclusivit\u00e9, les nouvelles collections et lignes de design qui marqueront sa prochaine ann\u00e9e. [&hellip;]\" \/>\n<meta property=\"og:url\" content=\"https:\/\/www.colorker.com\/fr\/blog\/whats-next-colorker-presenta-en-primicia-sus-apuestas-de-diseno-para-2026\/\" \/>\n<meta property=\"og:site_name\" content=\"Colorker\" \/>\n<meta property=\"article:published_time\" content=\"2026-01-20T11:29:21+00:00\" \/>\n<meta property=\"article:modified_time\" content=\"2026-01-20T11:32:31+00:00\" \/>\n<meta property=\"og:image\" content=\"https:\/\/www.colorker.com\/wp-content\/uploads\/2026\/01\/6C6A0202-scaled.jpg\" \/>\n\t<meta property=\"og:image:width\" content=\"2560\" \/>\n\t<meta property=\"og:image:height\" content=\"1707\" \/>\n\t<meta property=\"og:image:type\" content=\"image\/jpeg\" \/>\n<meta name=\"author\" content=\"admin-colorker\" \/>\n<meta name=\"twitter:card\" content=\"summary_large_image\" \/>\n<meta name=\"twitter:label1\" content=\"\u00c9crit par\" \/>\n\t<meta name=\"twitter:data1\" content=\"admin-colorker\" \/>\n\t<meta name=\"twitter:label2\" content=\"Dur\u00e9e de lecture estim\u00e9e\" \/>\n\t<meta name=\"twitter:data2\" content=\"2 minutes\" \/>\n<script type=\"application\/ld+json\" class=\"yoast-schema-graph\">{\"@context\":\"https:\\\/\\\/schema.org\",\"@graph\":[{\"@type\":\"Article\",\"@id\":\"https:\\\/\\\/www.colorker.com\\\/fr\\\/blog\\\/whats-next-colorker-presenta-en-primicia-sus-apuestas-de-diseno-para-2026\\\/#article\",\"isPartOf\":{\"@id\":\"https:\\\/\\\/www.colorker.com\\\/fr\\\/blog\\\/whats-next-colorker-presenta-en-primicia-sus-apuestas-de-diseno-para-2026\\\/\"},\"author\":{\"name\":\"admin-colorker\",\"@id\":\"https:\\\/\\\/www.colorker.com\\\/fr\\\/#\\\/schema\\\/person\\\/c9a8d9d1131e599cdf78f6f7910736ca\"},\"headline\":\"What\u2019s Next : Colorker pr\u00e9sente en avant-premi\u00e8re ses propositions de design pour 2026\",\"datePublished\":\"2026-01-20T11:29:21+00:00\",\"dateModified\":\"2026-01-20T11:32:31+00:00\",\"mainEntityOfPage\":{\"@id\":\"https:\\\/\\\/www.colorker.com\\\/fr\\\/blog\\\/whats-next-colorker-presenta-en-primicia-sus-apuestas-de-diseno-para-2026\\\/\"},\"wordCount\":403,\"image\":{\"@id\":\"https:\\\/\\\/www.colorker.com\\\/fr\\\/blog\\\/whats-next-colorker-presenta-en-primicia-sus-apuestas-de-diseno-para-2026\\\/#primaryimage\"},\"thumbnailUrl\":\"https:\\\/\\\/www.colorker.com\\\/wp-content\\\/uploads\\\/2026\\\/01\\\/6C6A0202-scaled.jpg\",\"articleSection\":[\"Actualidad\"],\"inLanguage\":\"fr-FR\"},{\"@type\":\"WebPage\",\"@id\":\"https:\\\/\\\/www.colorker.com\\\/fr\\\/blog\\\/whats-next-colorker-presenta-en-primicia-sus-apuestas-de-diseno-para-2026\\\/\",\"url\":\"https:\\\/\\\/www.colorker.com\\\/fr\\\/blog\\\/whats-next-colorker-presenta-en-primicia-sus-apuestas-de-diseno-para-2026\\\/\",\"name\":\"What\u2019s Next : Colorker pr\u00e9sente en avant-premi\u00e8re ses propositions de design pour 2026 - Colorker\",\"isPartOf\":{\"@id\":\"https:\\\/\\\/www.colorker.com\\\/fr\\\/#website\"},\"primaryImageOfPage\":{\"@id\":\"https:\\\/\\\/www.colorker.com\\\/fr\\\/blog\\\/whats-next-colorker-presenta-en-primicia-sus-apuestas-de-diseno-para-2026\\\/#primaryimage\"},\"image\":{\"@id\":\"https:\\\/\\\/www.colorker.com\\\/fr\\\/blog\\\/whats-next-colorker-presenta-en-primicia-sus-apuestas-de-diseno-para-2026\\\/#primaryimage\"},\"thumbnailUrl\":\"https:\\\/\\\/www.colorker.com\\\/wp-content\\\/uploads\\\/2026\\\/01\\\/6C6A0202-scaled.jpg\",\"datePublished\":\"2026-01-20T11:29:21+00:00\",\"dateModified\":\"2026-01-20T11:32:31+00:00\",\"author\":{\"@id\":\"https:\\\/\\\/www.colorker.com\\\/fr\\\/#\\\/schema\\\/person\\\/c9a8d9d1131e599cdf78f6f7910736ca\"},\"breadcrumb\":{\"@id\":\"https:\\\/\\\/www.colorker.com\\\/fr\\\/blog\\\/whats-next-colorker-presenta-en-primicia-sus-apuestas-de-diseno-para-2026\\\/#breadcrumb\"},\"inLanguage\":\"fr-FR\",\"potentialAction\":[{\"@type\":\"ReadAction\",\"target\":[\"https:\\\/\\\/www.colorker.com\\\/fr\\\/blog\\\/whats-next-colorker-presenta-en-primicia-sus-apuestas-de-diseno-para-2026\\\/\"]}]},{\"@type\":\"ImageObject\",\"inLanguage\":\"fr-FR\",\"@id\":\"https:\\\/\\\/www.colorker.com\\\/fr\\\/blog\\\/whats-next-colorker-presenta-en-primicia-sus-apuestas-de-diseno-para-2026\\\/#primaryimage\",\"url\":\"https:\\\/\\\/www.colorker.com\\\/wp-content\\\/uploads\\\/2026\\\/01\\\/6C6A0202-scaled.jpg\",\"contentUrl\":\"https:\\\/\\\/www.colorker.com\\\/wp-content\\\/uploads\\\/2026\\\/01\\\/6C6A0202-scaled.jpg\",\"width\":2560,\"height\":1707},{\"@type\":\"BreadcrumbList\",\"@id\":\"https:\\\/\\\/www.colorker.com\\\/fr\\\/blog\\\/whats-next-colorker-presenta-en-primicia-sus-apuestas-de-diseno-para-2026\\\/#breadcrumb\",\"itemListElement\":[{\"@type\":\"ListItem\",\"position\":1,\"name\":\"Portada\",\"item\":\"https:\\\/\\\/www.colorker.com\\\/fr\\\/\"},{\"@type\":\"ListItem\",\"position\":2,\"name\":\"What\u2019s Next : Colorker pr\u00e9sente en avant-premi\u00e8re ses propositions de design pour 2026\"}]},{\"@type\":\"WebSite\",\"@id\":\"https:\\\/\\\/www.colorker.com\\\/fr\\\/#website\",\"url\":\"https:\\\/\\\/www.colorker.com\\\/fr\\\/\",\"name\":\"Colorker\",\"description\":\"\",\"potentialAction\":[{\"@type\":\"SearchAction\",\"target\":{\"@type\":\"EntryPoint\",\"urlTemplate\":\"https:\\\/\\\/www.colorker.com\\\/fr\\\/?s={search_term_string}\"},\"query-input\":{\"@type\":\"PropertyValueSpecification\",\"valueRequired\":true,\"valueName\":\"search_term_string\"}}],\"inLanguage\":\"fr-FR\"},{\"@type\":\"Person\",\"@id\":\"https:\\\/\\\/www.colorker.com\\\/fr\\\/#\\\/schema\\\/person\\\/c9a8d9d1131e599cdf78f6f7910736ca\",\"name\":\"admin-colorker\",\"image\":{\"@type\":\"ImageObject\",\"inLanguage\":\"fr-FR\",\"@id\":\"https:\\\/\\\/secure.gravatar.com\\\/avatar\\\/4610bdd0b5464301c49915ce1f3c4478213c2dc56d6b0b4ab34c7720ae29968c?s=96&d=mm&r=g\",\"url\":\"https:\\\/\\\/secure.gravatar.com\\\/avatar\\\/4610bdd0b5464301c49915ce1f3c4478213c2dc56d6b0b4ab34c7720ae29968c?s=96&d=mm&r=g\",\"contentUrl\":\"https:\\\/\\\/secure.gravatar.com\\\/avatar\\\/4610bdd0b5464301c49915ce1f3c4478213c2dc56d6b0b4ab34c7720ae29968c?s=96&d=mm&r=g\",\"caption\":\"admin-colorker\"},\"sameAs\":[\"https:\\\/\\\/desarrollo.digitalsquare.es\\\/colorker2\"],\"url\":\"https:\\\/\\\/www.colorker.com\\\/fr\\\/blog\\\/author\\\/admin-colorker\\\/\"}]}<\/script>\n<!-- \/ Yoast SEO plugin. -->","yoast_head_json":{"title":"What\u2019s Next : Colorker pr\u00e9sente en avant-premi\u00e8re ses propositions de design pour 2026 - Colorker","robots":{"index":"index","follow":"follow","max-snippet":"max-snippet:-1","max-image-preview":"max-image-preview:large","max-video-preview":"max-video-preview:-1"},"canonical":"https:\/\/www.colorker.com\/fr\/blog\/whats-next-colorker-presenta-en-primicia-sus-apuestas-de-diseno-para-2026\/","og_locale":"fr_FR","og_type":"article","og_title":"What\u2019s Next : Colorker pr\u00e9sente en avant-premi\u00e8re ses propositions de design pour 2026 - Colorker","og_description":"What&rsquo;s Next est le nom de l&rsquo;\u00e9v\u00e9nement organis\u00e9 par Colorker pour donner un aper\u00e7u de ses principales innovations c\u00e9ramiques pour 2026. Du 9 au 27\u00a0f\u00e9vrier, l&rsquo;entreprise espagnole r\u00e9unira des clients et des professionnels du monde entier dans son showroom pour pr\u00e9senter, en exclusivit\u00e9, les nouvelles collections et lignes de design qui marqueront sa prochaine ann\u00e9e. [&hellip;]","og_url":"https:\/\/www.colorker.com\/fr\/blog\/whats-next-colorker-presenta-en-primicia-sus-apuestas-de-diseno-para-2026\/","og_site_name":"Colorker","article_published_time":"2026-01-20T11:29:21+00:00","article_modified_time":"2026-01-20T11:32:31+00:00","og_image":[{"width":2560,"height":1707,"url":"https:\/\/www.colorker.com\/wp-content\/uploads\/2026\/01\/6C6A0202-scaled.jpg","type":"image\/jpeg"}],"author":"admin-colorker","twitter_card":"summary_large_image","twitter_misc":{"\u00c9crit par":"admin-colorker","Dur\u00e9e de lecture estim\u00e9e":"2 minutes"},"schema":{"@context":"https:\/\/schema.org","@graph":[{"@type":"Article","@id":"https:\/\/www.colorker.com\/fr\/blog\/whats-next-colorker-presenta-en-primicia-sus-apuestas-de-diseno-para-2026\/#article","isPartOf":{"@id":"https:\/\/www.colorker.com\/fr\/blog\/whats-next-colorker-presenta-en-primicia-sus-apuestas-de-diseno-para-2026\/"},"author":{"name":"admin-colorker","@id":"https:\/\/www.colorker.com\/fr\/#\/schema\/person\/c9a8d9d1131e599cdf78f6f7910736ca"},"headline":"What\u2019s Next : Colorker pr\u00e9sente en avant-premi\u00e8re ses propositions de design pour 2026","datePublished":"2026-01-20T11:29:21+00:00","dateModified":"2026-01-20T11:32:31+00:00","mainEntityOfPage":{"@id":"https:\/\/www.colorker.com\/fr\/blog\/whats-next-colorker-presenta-en-primicia-sus-apuestas-de-diseno-para-2026\/"},"wordCount":403,"image":{"@id":"https:\/\/www.colorker.com\/fr\/blog\/whats-next-colorker-presenta-en-primicia-sus-apuestas-de-diseno-para-2026\/#primaryimage"},"thumbnailUrl":"https:\/\/www.colorker.com\/wp-content\/uploads\/2026\/01\/6C6A0202-scaled.jpg","articleSection":["Actualidad"],"inLanguage":"fr-FR"},{"@type":"WebPage","@id":"https:\/\/www.colorker.com\/fr\/blog\/whats-next-colorker-presenta-en-primicia-sus-apuestas-de-diseno-para-2026\/","url":"https:\/\/www.colorker.com\/fr\/blog\/whats-next-colorker-presenta-en-primicia-sus-apuestas-de-diseno-para-2026\/","name":"What\u2019s Next : Colorker pr\u00e9sente en avant-premi\u00e8re ses propositions de design pour 2026 - Colorker","isPartOf":{"@id":"https:\/\/www.colorker.com\/fr\/#website"},"primaryImageOfPage":{"@id":"https:\/\/www.colorker.com\/fr\/blog\/whats-next-colorker-presenta-en-primicia-sus-apuestas-de-diseno-para-2026\/#primaryimage"},"image":{"@id":"https:\/\/www.colorker.com\/fr\/blog\/whats-next-colorker-presenta-en-primicia-sus-apuestas-de-diseno-para-2026\/#primaryimage"},"thumbnailUrl":"https:\/\/www.colorker.com\/wp-content\/uploads\/2026\/01\/6C6A0202-scaled.jpg","datePublished":"2026-01-20T11:29:21+00:00","dateModified":"2026-01-20T11:32:31+00:00","author":{"@id":"https:\/\/www.colorker.com\/fr\/#\/schema\/person\/c9a8d9d1131e599cdf78f6f7910736ca"},"breadcrumb":{"@id":"https:\/\/www.colorker.com\/fr\/blog\/whats-next-colorker-presenta-en-primicia-sus-apuestas-de-diseno-para-2026\/#breadcrumb"},"inLanguage":"fr-FR","potentialAction":[{"@type":"ReadAction","target":["https:\/\/www.colorker.com\/fr\/blog\/whats-next-colorker-presenta-en-primicia-sus-apuestas-de-diseno-para-2026\/"]}]},{"@type":"ImageObject","inLanguage":"fr-FR","@id":"https:\/\/www.colorker.com\/fr\/blog\/whats-next-colorker-presenta-en-primicia-sus-apuestas-de-diseno-para-2026\/#primaryimage","url":"https:\/\/www.colorker.com\/wp-content\/uploads\/2026\/01\/6C6A0202-scaled.jpg","contentUrl":"https:\/\/www.colorker.com\/wp-content\/uploads\/2026\/01\/6C6A0202-scaled.jpg","width":2560,"height":1707},{"@type":"BreadcrumbList","@id":"https:\/\/www.colorker.com\/fr\/blog\/whats-next-colorker-presenta-en-primicia-sus-apuestas-de-diseno-para-2026\/#breadcrumb","itemListElement":[{"@type":"ListItem","position":1,"name":"Portada","item":"https:\/\/www.colorker.com\/fr\/"},{"@type":"ListItem","position":2,"name":"What\u2019s Next : Colorker pr\u00e9sente en avant-premi\u00e8re ses propositions de design pour 2026"}]},{"@type":"WebSite","@id":"https:\/\/www.colorker.com\/fr\/#website","url":"https:\/\/www.colorker.com\/fr\/","name":"Colorker","description":"","potentialAction":[{"@type":"SearchAction","target":{"@type":"EntryPoint","urlTemplate":"https:\/\/www.colorker.com\/fr\/?s={search_term_string}"},"query-input":{"@type":"PropertyValueSpecification","valueRequired":true,"valueName":"search_term_string"}}],"inLanguage":"fr-FR"},{"@type":"Person","@id":"https:\/\/www.colorker.com\/fr\/#\/schema\/person\/c9a8d9d1131e599cdf78f6f7910736ca","name":"admin-colorker","image":{"@type":"ImageObject","inLanguage":"fr-FR","@id":"https:\/\/secure.gravatar.com\/avatar\/4610bdd0b5464301c49915ce1f3c4478213c2dc56d6b0b4ab34c7720ae29968c?s=96&d=mm&r=g","url":"https:\/\/secure.gravatar.com\/avatar\/4610bdd0b5464301c49915ce1f3c4478213c2dc56d6b0b4ab34c7720ae29968c?s=96&d=mm&r=g","contentUrl":"https:\/\/secure.gravatar.com\/avatar\/4610bdd0b5464301c49915ce1f3c4478213c2dc56d6b0b4ab34c7720ae29968c?s=96&d=mm&r=g","caption":"admin-colorker"},"sameAs":["https:\/\/desarrollo.digitalsquare.es\/colorker2"],"url":"https:\/\/www.colorker.com\/fr\/blog\/author\/admin-colorker\/"}]}},"_links":{"self":[{"href":"https:\/\/www.colorker.com\/fr\/wp-json\/wp\/v2\/posts\/67184","targetHints":{"allow":["GET"]}}],"collection":[{"href":"https:\/\/www.colorker.com\/fr\/wp-json\/wp\/v2\/posts"}],"about":[{"href":"https:\/\/www.colorker.com\/fr\/wp-json\/wp\/v2\/types\/post"}],"author":[{"embeddable":true,"href":"https:\/\/www.colorker.com\/fr\/wp-json\/wp\/v2\/users\/1"}],"replies":[{"embeddable":true,"href":"https:\/\/www.colorker.com\/fr\/wp-json\/wp\/v2\/comments?post=67184"}],"version-history":[{"count":1,"href":"https:\/\/www.colorker.com\/fr\/wp-json\/wp\/v2\/posts\/67184\/revisions"}],"predecessor-version":[{"id":67188,"href":"https:\/\/www.colorker.com\/fr\/wp-json\/wp\/v2\/posts\/67184\/revisions\/67188"}],"wp:featuredmedia":[{"embeddable":true,"href":"https:\/\/www.colorker.com\/fr\/wp-json\/wp\/v2\/media\/67172"}],"wp:attachment":[{"href":"https:\/\/www.colorker.com\/fr\/wp-json\/wp\/v2\/media?parent=67184"}],"wp:term":[{"taxonomy":"category","embeddable":true,"href":"https:\/\/www.colorker.com\/fr\/wp-json\/wp\/v2\/categories?post=67184"},{"taxonomy":"post_tag","embeddable":true,"href":"https:\/\/www.colorker.com\/fr\/wp-json\/wp\/v2\/tags?post=67184"}],"curies":[{"name":"wp","href":"https:\/\/api.w.org\/{rel}","templated":true}]}}