{"id":14027,"date":"2025-03-17T12:00:43","date_gmt":"2025-03-17T11:00:43","guid":{"rendered":"https:\/\/desarrollo.digitalsquare.es\/colorker2\/colorker-nouveaux-produits-2025\/"},"modified":"2025-03-17T12:00:43","modified_gmt":"2025-03-17T11:00:43","slug":"colorker-nouveaux-produits-2025","status":"publish","type":"post","link":"https:\/\/www.colorker.com\/fr\/blog\/colorker-nouveaux-produits-2025\/","title":{"rendered":"Les nouveaux produits de Colorker pour 2025 : l&rsquo;innovation et l&rsquo;\u00e9l\u00e9gance dans les moindres d\u00e9tails"},"content":{"rendered":"<h2><strong>Althea : l&#39;&eacute;l&eacute;gance naturelle du Campaspero<\/strong><\/h2>\n<p>Inspir&eacute;e par la pierre calcaire espagnole Campaspero, la collection <a href=\"https:\/\/www.colorker.com\/colecciones\/althea.html\">Althea <\/a>est synonyme de distinction et de polyvalence. Sa structure compacte et sa tonalit&eacute; chaleureuse en font un choix id&eacute;al pour tout rev&ecirc;tement, se distinguant aussi bien dans les espaces int&eacute;rieurs qu&#39;ext&eacute;rieurs. De plus, sa finition innovante Spectra 3D offre un effet visuel et tactile saisissant, mettant en valeur sa beaut&eacute; naturelle.<\/p>\n<h3><strong>Althea Decor : un relief sophistiqu&eacute; en forme de tubes<\/strong><\/h3>\n<p>Pour ceux qui recherchent une touche de design suppl&eacute;mentaire, Althea Decor incorpore un relief &eacute;l&eacute;gant sous forme de tubes, qui donne du dynamisme et de la profondeur aux surfaces.<\/p>\n<p><img decoding=\"async\" alt=\"\" src=\"\/uploads\/media\/default\/0001\/07\/37b45b4bd320c334e8190c3a3c7295e33757c664.jpeg\" style=\"height:300px; width:500px\" \/><img decoding=\"async\" alt=\"\" src=\"\/uploads\/media\/default\/0001\/07\/cafaa3095c339cc9de6dde85f3e15a879ba8cec2.jpeg\" style=\"height:300px; width:400px\" \/><\/p>\n<h2><strong>Petra Viva : l&#39;alliance parfaite de la pierre fran&ccedil;aise et de la pierre anglaise<\/strong><\/h2>\n<p><a href=\"https:\/\/www.colorker.com\/colecciones\/petraviva.html\">Petra Viva<\/a> est la repr&eacute;sentation de la sophistication dans la pierre. Inspir&eacute;e par l&#39;harmonie de la pierre fran&ccedil;aise et l&#39;&eacute;quilibre de la pierre anglaise, cette collection se distingue par sa palette de gris chauds, avec des nuances allant de la perle &agrave; la cendre claire.<\/p>\n<p>Sa texture velout&eacute;e et sa capacit&eacute; &agrave; capter discr&egrave;tement la lumi&egrave;re en font un choix id&eacute;al pour les espaces modernes avec un clin d&#39;&oelig;il &agrave; la tradition.<\/p>\n<p>L&#39;ensemble de la s&eacute;rie int&egrave;gre la technologie innovante Spectra 3D, chaque pi&egrave;ce &eacute;tant con&ccedil;ue avec pr&eacute;cision pour offrir une exp&eacute;rience visuelle et tactile unique.<\/p>\n<p>Its velvety texture and ability to capture light discreetly make it an ideal choice for modern spaces with a nod to tradition.<\/p>\n<p>The entire series incorporates cutting-edge Spectra 3D technology, with each piece meticulously designed to deliver a unique visual and tactile experience.<\/p>\n<h3><strong>Les lignes subtiles sont &agrave; la mode avec Petra Viva Decor<\/strong><\/h3>\n<p>En compl&eacute;ment, Petra Viva Decor introduit un d&eacute;cor de lignes fines qui traversent la surface, cr&eacute;ant une esth&eacute;tique contemporaine en phase avec les tendances actuelles du design.<\/p>\n<p><img decoding=\"async\" alt=\"\" src=\"\/uploads\/media\/default\/0001\/07\/85e07234ec4a812891c389d34ecbced015f1688d.jpeg\" style=\"height:490px; width:700px\" \/><img decoding=\"async\" alt=\"\" src=\"\/uploads\/media\/default\/0001\/07\/01541e7f2b02876e805690c71c83e896fcadd877.jpeg\" style=\"height:875px; width:700px\" \/><\/p>\n<h2><strong>Oasis : la beaut&eacute; sereine du ch&ecirc;ne<\/strong><\/h2>\n<p>La collection&nbsp;<a href=\"https:\/\/www.colorker.com\/colecciones\/oasis.html\">Oasis<\/a> r&eacute;interpr&egrave;te la chaleur du ch&ecirc;ne avec un design calme mais dot&eacute; de caract&egrave;re. Ses veines &eacute;l&eacute;gantes et ses n&oelig;uds d&eacute;licats apportent du naturel, tandis que sa subtile variation de tons &agrave; l&#39;int&eacute;rieur de la bande offre une richesse de couleur sans perdre l&#39;harmonie de l&#39;ensemble.<\/p>\n<p><img decoding=\"async\" alt=\"\" src=\"\/uploads\/media\/default\/0001\/07\/d0d94a70986a60573b9b9011d23fdd71352aa5b6.jpeg\" style=\"height:525px; width:700px\" \/><\/p>\n<h2><strong>Novawood : bois d&#39;ornement sous forme de latte<\/strong><\/h2>\n<p>Avec des formats de 29,5 x 59,5 cm et 59,5 x 119,2 cm, <a href=\"https:\/\/www.colorker.com\/colecciones\/novawood.html\">Novawood<\/a> se positionne comme une solution polyvalente pour le dallage et le rev&ecirc;tement. Son design en forme de lattes ajoute une touche de sophistication et de dynamisme, id&eacute;al pour les projets qui recherchent l&#39;&eacute;l&eacute;gance naturelle du bois avec une finition ornementale distinctive.<\/p>\n<p><img decoding=\"async\" alt=\"\" src=\"\/uploads\/media\/default\/0001\/07\/6bc40698aee07d8b17b28df9e68528030bb5056d.jpeg\" style=\"height:525px; width:700px\" \/><\/p>\n<p>&nbsp;<\/p>\n<h2><strong>Transformez vos espaces avec Colorker<\/strong><\/h2>\n<p>Les nouvelles collections de Colorker pour 2025 sont con&ccedil;ues pour r&eacute;pondre aux derni&egrave;res tendances, combinant des textures innovantes et des designs intemporels. D&eacute;couvrez-les et conf&eacute;rez &agrave; vos projets la quintessence de la pierre et du bois de la plus haute qualit&eacute;!<\/p>\n","protected":false},"excerpt":{"rendered":"<p>Chez Colorker, nous continuons \u00e0 nous concentrer sur l&rsquo;innovation et le design pour vous offrir des mat\u00e9riaux qui transforment n&rsquo;importe quel espace. En 2025, nous pr\u00e9sentons de nouvelles collections inspir\u00e9es par la pierre et le bois, alliant beaut\u00e9, polyvalence et les derni\u00e8res technologies en mati\u00e8re de textures et de finitions. D\u00e9couvrez nos nouveaux produits et faites passer vos projets \u00e0 la vitesse sup\u00e9rieure.<\/p>\n","protected":false},"author":2,"featured_media":14021,"comment_status":"open","ping_status":"open","sticky":false,"template":"","format":"standard","meta":{"_acf_changed":false,"footnotes":""},"categories":[23,563],"tags":[],"class_list":["post-14027","post","type-post","status-publish","format-standard","has-post-thumbnail","hentry","category-productos","category-produits"],"acf":[],"yoast_head":"<!-- This site is optimized with the Yoast SEO plugin v27.5 - https:\/\/yoast.com\/product\/yoast-seo-wordpress\/ -->\n<title>Les nouveaux produits de Colorker pour 2025 : l&#039;innovation et l&#039;\u00e9l\u00e9gance dans les moindres d\u00e9tails - Colorker<\/title>\n<meta name=\"robots\" content=\"index, follow, max-snippet:-1, max-image-preview:large, max-video-preview:-1\" \/>\n<link rel=\"canonical\" href=\"https:\/\/www.colorker.com\/fr\/blog\/colorker-nouveaux-produits-2025\/\" \/>\n<meta property=\"og:locale\" content=\"fr_FR\" \/>\n<meta property=\"og:type\" content=\"article\" \/>\n<meta property=\"og:title\" content=\"Les nouveaux produits de Colorker pour 2025 : l&#039;innovation et l&#039;\u00e9l\u00e9gance dans les moindres d\u00e9tails - Colorker\" \/>\n<meta property=\"og:description\" content=\"Chez Colorker, nous continuons \u00e0 nous concentrer sur l&#039;innovation et le design pour vous offrir des mat\u00e9riaux qui transforment n&#039;importe quel espace. En 2025, nous pr\u00e9sentons de nouvelles collections inspir\u00e9es par la pierre et le bois, alliant beaut\u00e9, polyvalence et les derni\u00e8res technologies en mati\u00e8re de textures et de finitions. D\u00e9couvrez nos nouveaux produits et faites passer vos projets \u00e0 la vitesse sup\u00e9rieure.\" \/>\n<meta property=\"og:url\" content=\"https:\/\/www.colorker.com\/fr\/blog\/colorker-nouveaux-produits-2025\/\" \/>\n<meta property=\"og:site_name\" content=\"Colorker\" \/>\n<meta property=\"article:published_time\" content=\"2025-03-17T11:00:43+00:00\" \/>\n<meta property=\"og:image\" content=\"https:\/\/www.colorker.com\/wp-content\/uploads\/2025\/05\/88eae7f35a800b2920be5db35fc06b56cda8522f-scaled.jpeg\" \/>\n\t<meta property=\"og:image:width\" content=\"2560\" \/>\n\t<meta property=\"og:image:height\" content=\"1920\" \/>\n\t<meta property=\"og:image:type\" content=\"image\/jpeg\" \/>\n<meta name=\"author\" content=\"Ernesto Usuario\" \/>\n<meta name=\"twitter:card\" content=\"summary_large_image\" \/>\n<meta name=\"twitter:label1\" content=\"\u00c9crit par\" \/>\n\t<meta name=\"twitter:data1\" content=\"Ernesto Usuario\" \/>\n\t<meta name=\"twitter:label2\" content=\"Dur\u00e9e de lecture estim\u00e9e\" \/>\n\t<meta name=\"twitter:data2\" content=\"3 minutes\" \/>\n<script type=\"application\/ld+json\" class=\"yoast-schema-graph\">{\"@context\":\"https:\\\/\\\/schema.org\",\"@graph\":[{\"@type\":\"Article\",\"@id\":\"https:\\\/\\\/www.colorker.com\\\/fr\\\/blog\\\/colorker-nouveaux-produits-2025\\\/#article\",\"isPartOf\":{\"@id\":\"https:\\\/\\\/www.colorker.com\\\/fr\\\/blog\\\/colorker-nouveaux-produits-2025\\\/\"},\"author\":{\"name\":\"Ernesto Usuario\",\"@id\":\"https:\\\/\\\/www.colorker.com\\\/fr\\\/#\\\/schema\\\/person\\\/16662469a4839b525f4ff9fc56bb874d\"},\"headline\":\"Les nouveaux produits de Colorker pour 2025 : l&rsquo;innovation et l&rsquo;\u00e9l\u00e9gance dans les moindres d\u00e9tails\",\"datePublished\":\"2025-03-17T11:00:43+00:00\",\"mainEntityOfPage\":{\"@id\":\"https:\\\/\\\/www.colorker.com\\\/fr\\\/blog\\\/colorker-nouveaux-produits-2025\\\/\"},\"wordCount\":582,\"commentCount\":0,\"image\":{\"@id\":\"https:\\\/\\\/www.colorker.com\\\/fr\\\/blog\\\/colorker-nouveaux-produits-2025\\\/#primaryimage\"},\"thumbnailUrl\":\"https:\\\/\\\/www.colorker.com\\\/wp-content\\\/uploads\\\/2025\\\/05\\\/88eae7f35a800b2920be5db35fc06b56cda8522f-scaled.jpeg\",\"articleSection\":[\"Productos\",\"Produits\"],\"inLanguage\":\"fr-FR\"},{\"@type\":\"WebPage\",\"@id\":\"https:\\\/\\\/www.colorker.com\\\/fr\\\/blog\\\/colorker-nouveaux-produits-2025\\\/\",\"url\":\"https:\\\/\\\/www.colorker.com\\\/fr\\\/blog\\\/colorker-nouveaux-produits-2025\\\/\",\"name\":\"Les nouveaux produits de Colorker pour 2025 : l'innovation et l'\u00e9l\u00e9gance dans les moindres d\u00e9tails - Colorker\",\"isPartOf\":{\"@id\":\"https:\\\/\\\/www.colorker.com\\\/fr\\\/#website\"},\"primaryImageOfPage\":{\"@id\":\"https:\\\/\\\/www.colorker.com\\\/fr\\\/blog\\\/colorker-nouveaux-produits-2025\\\/#primaryimage\"},\"image\":{\"@id\":\"https:\\\/\\\/www.colorker.com\\\/fr\\\/blog\\\/colorker-nouveaux-produits-2025\\\/#primaryimage\"},\"thumbnailUrl\":\"https:\\\/\\\/www.colorker.com\\\/wp-content\\\/uploads\\\/2025\\\/05\\\/88eae7f35a800b2920be5db35fc06b56cda8522f-scaled.jpeg\",\"datePublished\":\"2025-03-17T11:00:43+00:00\",\"author\":{\"@id\":\"https:\\\/\\\/www.colorker.com\\\/fr\\\/#\\\/schema\\\/person\\\/16662469a4839b525f4ff9fc56bb874d\"},\"breadcrumb\":{\"@id\":\"https:\\\/\\\/www.colorker.com\\\/fr\\\/blog\\\/colorker-nouveaux-produits-2025\\\/#breadcrumb\"},\"inLanguage\":\"fr-FR\",\"potentialAction\":[{\"@type\":\"ReadAction\",\"target\":[\"https:\\\/\\\/www.colorker.com\\\/fr\\\/blog\\\/colorker-nouveaux-produits-2025\\\/\"]}]},{\"@type\":\"ImageObject\",\"inLanguage\":\"fr-FR\",\"@id\":\"https:\\\/\\\/www.colorker.com\\\/fr\\\/blog\\\/colorker-nouveaux-produits-2025\\\/#primaryimage\",\"url\":\"https:\\\/\\\/www.colorker.com\\\/wp-content\\\/uploads\\\/2025\\\/05\\\/88eae7f35a800b2920be5db35fc06b56cda8522f-scaled.jpeg\",\"contentUrl\":\"https:\\\/\\\/www.colorker.com\\\/wp-content\\\/uploads\\\/2025\\\/05\\\/88eae7f35a800b2920be5db35fc06b56cda8522f-scaled.jpeg\",\"width\":2560,\"height\":1920},{\"@type\":\"BreadcrumbList\",\"@id\":\"https:\\\/\\\/www.colorker.com\\\/fr\\\/blog\\\/colorker-nouveaux-produits-2025\\\/#breadcrumb\",\"itemListElement\":[{\"@type\":\"ListItem\",\"position\":1,\"name\":\"Portada\",\"item\":\"https:\\\/\\\/www.colorker.com\\\/fr\\\/\"},{\"@type\":\"ListItem\",\"position\":2,\"name\":\"Les nouveaux produits de Colorker pour 2025 : l&rsquo;innovation et l&rsquo;\u00e9l\u00e9gance dans les moindres d\u00e9tails\"}]},{\"@type\":\"WebSite\",\"@id\":\"https:\\\/\\\/www.colorker.com\\\/fr\\\/#website\",\"url\":\"https:\\\/\\\/www.colorker.com\\\/fr\\\/\",\"name\":\"Colorker\",\"description\":\"\",\"potentialAction\":[{\"@type\":\"SearchAction\",\"target\":{\"@type\":\"EntryPoint\",\"urlTemplate\":\"https:\\\/\\\/www.colorker.com\\\/fr\\\/?s={search_term_string}\"},\"query-input\":{\"@type\":\"PropertyValueSpecification\",\"valueRequired\":true,\"valueName\":\"search_term_string\"}}],\"inLanguage\":\"fr-FR\"},{\"@type\":\"Person\",\"@id\":\"https:\\\/\\\/www.colorker.com\\\/fr\\\/#\\\/schema\\\/person\\\/16662469a4839b525f4ff9fc56bb874d\",\"name\":\"Ernesto Usuario\",\"image\":{\"@type\":\"ImageObject\",\"inLanguage\":\"fr-FR\",\"@id\":\"https:\\\/\\\/secure.gravatar.com\\\/avatar\\\/c820f163be92033d250532986c392648d85770021fcf3ea4b8119298aa78e344?s=96&d=mm&r=g\",\"url\":\"https:\\\/\\\/secure.gravatar.com\\\/avatar\\\/c820f163be92033d250532986c392648d85770021fcf3ea4b8119298aa78e344?s=96&d=mm&r=g\",\"contentUrl\":\"https:\\\/\\\/secure.gravatar.com\\\/avatar\\\/c820f163be92033d250532986c392648d85770021fcf3ea4b8119298aa78e344?s=96&d=mm&r=g\",\"caption\":\"Ernesto Usuario\"},\"url\":\"https:\\\/\\\/www.colorker.com\\\/fr\\\/blog\\\/author\\\/ernesto\\\/\"}]}<\/script>\n<!-- \/ Yoast SEO plugin. -->","yoast_head_json":{"title":"Les nouveaux produits de Colorker pour 2025 : l'innovation et l'\u00e9l\u00e9gance dans les moindres d\u00e9tails - Colorker","robots":{"index":"index","follow":"follow","max-snippet":"max-snippet:-1","max-image-preview":"max-image-preview:large","max-video-preview":"max-video-preview:-1"},"canonical":"https:\/\/www.colorker.com\/fr\/blog\/colorker-nouveaux-produits-2025\/","og_locale":"fr_FR","og_type":"article","og_title":"Les nouveaux produits de Colorker pour 2025 : l'innovation et l'\u00e9l\u00e9gance dans les moindres d\u00e9tails - Colorker","og_description":"Chez Colorker, nous continuons \u00e0 nous concentrer sur l'innovation et le design pour vous offrir des mat\u00e9riaux qui transforment n'importe quel espace. En 2025, nous pr\u00e9sentons de nouvelles collections inspir\u00e9es par la pierre et le bois, alliant beaut\u00e9, polyvalence et les derni\u00e8res technologies en mati\u00e8re de textures et de finitions. D\u00e9couvrez nos nouveaux produits et faites passer vos projets \u00e0 la vitesse sup\u00e9rieure.","og_url":"https:\/\/www.colorker.com\/fr\/blog\/colorker-nouveaux-produits-2025\/","og_site_name":"Colorker","article_published_time":"2025-03-17T11:00:43+00:00","og_image":[{"width":2560,"height":1920,"url":"https:\/\/www.colorker.com\/wp-content\/uploads\/2025\/05\/88eae7f35a800b2920be5db35fc06b56cda8522f-scaled.jpeg","type":"image\/jpeg"}],"author":"Ernesto Usuario","twitter_card":"summary_large_image","twitter_misc":{"\u00c9crit par":"Ernesto Usuario","Dur\u00e9e de lecture estim\u00e9e":"3 minutes"},"schema":{"@context":"https:\/\/schema.org","@graph":[{"@type":"Article","@id":"https:\/\/www.colorker.com\/fr\/blog\/colorker-nouveaux-produits-2025\/#article","isPartOf":{"@id":"https:\/\/www.colorker.com\/fr\/blog\/colorker-nouveaux-produits-2025\/"},"author":{"name":"Ernesto Usuario","@id":"https:\/\/www.colorker.com\/fr\/#\/schema\/person\/16662469a4839b525f4ff9fc56bb874d"},"headline":"Les nouveaux produits de Colorker pour 2025 : l&rsquo;innovation et l&rsquo;\u00e9l\u00e9gance dans les moindres d\u00e9tails","datePublished":"2025-03-17T11:00:43+00:00","mainEntityOfPage":{"@id":"https:\/\/www.colorker.com\/fr\/blog\/colorker-nouveaux-produits-2025\/"},"wordCount":582,"commentCount":0,"image":{"@id":"https:\/\/www.colorker.com\/fr\/blog\/colorker-nouveaux-produits-2025\/#primaryimage"},"thumbnailUrl":"https:\/\/www.colorker.com\/wp-content\/uploads\/2025\/05\/88eae7f35a800b2920be5db35fc06b56cda8522f-scaled.jpeg","articleSection":["Productos","Produits"],"inLanguage":"fr-FR"},{"@type":"WebPage","@id":"https:\/\/www.colorker.com\/fr\/blog\/colorker-nouveaux-produits-2025\/","url":"https:\/\/www.colorker.com\/fr\/blog\/colorker-nouveaux-produits-2025\/","name":"Les nouveaux produits de Colorker pour 2025 : l'innovation et l'\u00e9l\u00e9gance dans les moindres d\u00e9tails - Colorker","isPartOf":{"@id":"https:\/\/www.colorker.com\/fr\/#website"},"primaryImageOfPage":{"@id":"https:\/\/www.colorker.com\/fr\/blog\/colorker-nouveaux-produits-2025\/#primaryimage"},"image":{"@id":"https:\/\/www.colorker.com\/fr\/blog\/colorker-nouveaux-produits-2025\/#primaryimage"},"thumbnailUrl":"https:\/\/www.colorker.com\/wp-content\/uploads\/2025\/05\/88eae7f35a800b2920be5db35fc06b56cda8522f-scaled.jpeg","datePublished":"2025-03-17T11:00:43+00:00","author":{"@id":"https:\/\/www.colorker.com\/fr\/#\/schema\/person\/16662469a4839b525f4ff9fc56bb874d"},"breadcrumb":{"@id":"https:\/\/www.colorker.com\/fr\/blog\/colorker-nouveaux-produits-2025\/#breadcrumb"},"inLanguage":"fr-FR","potentialAction":[{"@type":"ReadAction","target":["https:\/\/www.colorker.com\/fr\/blog\/colorker-nouveaux-produits-2025\/"]}]},{"@type":"ImageObject","inLanguage":"fr-FR","@id":"https:\/\/www.colorker.com\/fr\/blog\/colorker-nouveaux-produits-2025\/#primaryimage","url":"https:\/\/www.colorker.com\/wp-content\/uploads\/2025\/05\/88eae7f35a800b2920be5db35fc06b56cda8522f-scaled.jpeg","contentUrl":"https:\/\/www.colorker.com\/wp-content\/uploads\/2025\/05\/88eae7f35a800b2920be5db35fc06b56cda8522f-scaled.jpeg","width":2560,"height":1920},{"@type":"BreadcrumbList","@id":"https:\/\/www.colorker.com\/fr\/blog\/colorker-nouveaux-produits-2025\/#breadcrumb","itemListElement":[{"@type":"ListItem","position":1,"name":"Portada","item":"https:\/\/www.colorker.com\/fr\/"},{"@type":"ListItem","position":2,"name":"Les nouveaux produits de Colorker pour 2025 : l&rsquo;innovation et l&rsquo;\u00e9l\u00e9gance dans les moindres d\u00e9tails"}]},{"@type":"WebSite","@id":"https:\/\/www.colorker.com\/fr\/#website","url":"https:\/\/www.colorker.com\/fr\/","name":"Colorker","description":"","potentialAction":[{"@type":"SearchAction","target":{"@type":"EntryPoint","urlTemplate":"https:\/\/www.colorker.com\/fr\/?s={search_term_string}"},"query-input":{"@type":"PropertyValueSpecification","valueRequired":true,"valueName":"search_term_string"}}],"inLanguage":"fr-FR"},{"@type":"Person","@id":"https:\/\/www.colorker.com\/fr\/#\/schema\/person\/16662469a4839b525f4ff9fc56bb874d","name":"Ernesto Usuario","image":{"@type":"ImageObject","inLanguage":"fr-FR","@id":"https:\/\/secure.gravatar.com\/avatar\/c820f163be92033d250532986c392648d85770021fcf3ea4b8119298aa78e344?s=96&d=mm&r=g","url":"https:\/\/secure.gravatar.com\/avatar\/c820f163be92033d250532986c392648d85770021fcf3ea4b8119298aa78e344?s=96&d=mm&r=g","contentUrl":"https:\/\/secure.gravatar.com\/avatar\/c820f163be92033d250532986c392648d85770021fcf3ea4b8119298aa78e344?s=96&d=mm&r=g","caption":"Ernesto Usuario"},"url":"https:\/\/www.colorker.com\/fr\/blog\/author\/ernesto\/"}]}},"_links":{"self":[{"href":"https:\/\/www.colorker.com\/fr\/wp-json\/wp\/v2\/posts\/14027","targetHints":{"allow":["GET"]}}],"collection":[{"href":"https:\/\/www.colorker.com\/fr\/wp-json\/wp\/v2\/posts"}],"about":[{"href":"https:\/\/www.colorker.com\/fr\/wp-json\/wp\/v2\/types\/post"}],"author":[{"embeddable":true,"href":"https:\/\/www.colorker.com\/fr\/wp-json\/wp\/v2\/users\/2"}],"replies":[{"embeddable":true,"href":"https:\/\/www.colorker.com\/fr\/wp-json\/wp\/v2\/comments?post=14027"}],"version-history":[{"count":0,"href":"https:\/\/www.colorker.com\/fr\/wp-json\/wp\/v2\/posts\/14027\/revisions"}],"wp:featuredmedia":[{"embeddable":true,"href":"https:\/\/www.colorker.com\/fr\/wp-json\/wp\/v2\/media\/14021"}],"wp:attachment":[{"href":"https:\/\/www.colorker.com\/fr\/wp-json\/wp\/v2\/media?parent=14027"}],"wp:term":[{"taxonomy":"category","embeddable":true,"href":"https:\/\/www.colorker.com\/fr\/wp-json\/wp\/v2\/categories?post=14027"},{"taxonomy":"post_tag","embeddable":true,"href":"https:\/\/www.colorker.com\/fr\/wp-json\/wp\/v2\/tags?post=14027"}],"curies":[{"name":"wp","href":"https:\/\/api.w.org\/{rel}","templated":true}]}}