{"id":13606,"date":"2021-02-24T12:33:52","date_gmt":"2021-02-24T11:33:52","guid":{"rendered":"https:\/\/desarrollo.digitalsquare.es\/colorker2\/cuisines-ouvertes-salon\/"},"modified":"2021-02-24T12:33:52","modified_gmt":"2021-02-24T11:33:52","slug":"cuisines-ouvertes-salon","status":"publish","type":"post","link":"https:\/\/www.colorker.com\/fr\/blog\/cuisines-ouvertes-salon\/","title":{"rendered":"Cuisines ouvertes sur le salon : le nouveau \u00ab\u00a0concept open-space\u00a0\u00bb qui vous permettra d&rsquo;ouvrir votre esprit (et vos pi\u00e8ces)"},"content":{"rendered":"<p><em>Une petite cuisine peut ne pas le rester si vous vous d&eacute;cidez &agrave; casser des cloisons pour int&eacute;grer la cuisine au salon. Un nouveau concept de salon-cuisine ouverte qui permettra de donner une impression d&#39;espace et d&#39;int&eacute;grer la &quot;zone des fourneaux&quot; lors des r&eacute;unions familiales ou entre amis. Cette d&eacute;co vous inspire ?<\/em><\/p>\n<p>&Agrave; un moment o&ugrave; tout &quot;semble avoir chang&eacute;&quot;, apr&egrave;s avoir pass&eacute; (et continuer &agrave; passer) plus de temps que jamais &agrave; la maison, vous avez certainement pens&eacute; &agrave; <strong>ce que vous voulez transformer chez vous<\/strong>. Une id&eacute;e vous trotte dans la t&ecirc;te : <strong>puis-je ouvrir ma cuisine sur le salon ?<\/strong> La r&eacute;ponse est oui, surtout si votre cuisine est petite, ou si vous voulez simplement int&eacute;grer votre cuisine aux moments conviviaux en famille ou entre amis, et participer aux conversations anim&eacute;es pendant que vous cuisinez. Et de fait, avec une <strong>cuisine int&eacute;gr&eacute;e au salon<\/strong>, vous profiterez bien mieux de cet espace, qui deviendra une zone <strong>plus sociale, dynamique et polyvalente.<\/strong><\/p>\n<p>De plus, chez Colorker, nous vous proposons cette disposition de salon-salle &agrave; manger tout en un car, en plus d&#39;<strong>agrandir visuellement l&#39;espace<\/strong> en &eacute;liminant les barri&egrave;res architecturales, cette distribution permet d&#39;<strong>utiliser un m&ecirc;me rev&ecirc;tement de sol c&eacute;ramique dans tout l&#39;espace<\/strong>, voire de <a href=\"https:\/\/www.colorker.com\/gres-espacios\/azulejos-cocina.html\" target=\"_blank\">poser des carreaux de ciment<\/a> grand format pour une impression de continuit&eacute; accrue.<\/p>\n<p>Bois ? Marbre ? Pierre ? D&eacute;couvrez ces<strong> id&eacute;es de d&eacute;coration de cuisine ouverte<\/strong>, ainsi que notre s&eacute;lection de collections c&eacute;ramiques pour bien d&eacute;corer ce type de distribution.<\/p>\n<h2><strong>6 id&eacute;es de cuisines ouvertes sur le salon<\/strong><\/h2>\n<h3><strong>Cuisine ouverte au salon avec verri&egrave;re<\/strong><\/h3>\n<p>Nombre d&#39;entre nous h&eacute;sitent &agrave; opter pour une cuisine ouverte, en raison <strong>des odeurs et des fum&eacute;es<\/strong> qui pourraient impr&eacute;gner les rideaux, les si&egrave;ges ou d&#39;autres &eacute;l&eacute;ments de la maison. Mais comme tout probl&egrave;me a sa solution, nous vous proposons des id&eacute;es d&eacute;co incluant des <strong>verri&egrave;res ou des portes coulissantes ou battantes<\/strong>. Les portes de ce type <strong>ne bloquent ni l&#39;&eacute;tendue ni la profondeur<\/strong> de la pi&egrave;ce et s&#39;<strong>ouvrent ou se ferment &agrave; votre guise.<\/strong><\/p>\n<p><img decoding=\"async\" alt=\"Cocinas abiertas al sal\u00f3n\" src=\"\/uploads\/media\/default\/0001\/04\/b2a7a786ee9cd8699d20b18ee624fbb7551b6a0c.jpeg\" \/><em>Columbia Oak 21.8&#215;84 REC<\/em><\/p>\n<p>Dans cette cuisine, on a opt&eacute; pour une porte coulissante en m&eacute;tal vitr&eacute;e qui la s&eacute;pare du salon-salle &agrave; manger. En r&eacute;unissant la cuisine et le salon, on obtient <strong>une cuisine qui para&icirc;t bien plus grande qu&#39;elle ne l&#39;est r&eacute;ellement<\/strong>, et on peut &eacute;galement <strong>installer une table &agrave; manger polyvalente<\/strong> qui appartient &agrave; la fois &agrave; la cuisine et au salon. Dans cet espace, on remarque le <a href=\"https:\/\/www.colorker.com\/gres-efectos\/azulejos-madera.html\" target=\"_blank\">carrelage continu effet bois<\/a> <a href=\"https:\/\/www.colorker.com\/colecciones\/columbia.html\" target=\"_blank\"><strong>Columbia<\/strong>. <\/a>Une nouveaut&eacute; Colorker qui imite parfaitement le bois et conf&egrave;re une touche de naturalit&eacute; &agrave; tout projet de d&eacute;coration.<\/p>\n<p><img decoding=\"async\" alt=\"Cocinas abiertas al sal\u00f3n\" src=\"\/uploads\/media\/default\/0001\/04\/ae0c9edfff3df458ac8180beb809d9bc50c9d7af.jpeg\" \/><em>Century Honey, 25&#215;150 REC<\/em><\/p>\n<p><a href=\"https:\/\/www.colorker.com\/colecciones\/century.html\" target=\"_blank\"><strong>Century<\/strong> <\/a>offre un aspect tr&egrave;s similaire, mais dans un plus grand format (25 x 150). La solution c&eacute;ramique id&eacute;ale si vous souhaitez obtenir un <strong>sentiment de continuit&eacute; accru gr&acirc;ce &agrave; de plus grandes lames.<\/strong><\/p>\n<h3><strong>Cuisines ouvertes sur le salon avec portes coulissantes<\/strong><\/h3>\n<p><img decoding=\"async\" alt=\"Cocinas abiertas al sal\u00f3n\" src=\"\/uploads\/media\/default\/0001\/04\/23110766c26a48f8c55a0493e174db6c0f89dfd8.jpeg\" \/><em>Carrelage Nomade Bone 59,5 x 119,2 REC. Rev&ecirc;tement Nomade Bone 59,5 x 119,2 REC + Parallelo Bone 59,5 x 119,2 REC.<\/em><\/p>\n<p>Au-del&agrave; du verre, vous pouvez choisir <strong>une porte coulissante dans n&#39;importe quel mat&eacute;riau<\/strong>. Dans cette cuisine, la porte effet bois contraste parfaitement avec <strong>l&#39;&eacute;l&eacute;gance de <a href=\"https:\/\/www.colorker.com\/colecciones\/nomade.html\" target=\"_blank\">Nomade<\/a><\/strong>, qui &eacute;voque la pierre. Une proposition qui permet de <strong>relier le salon &agrave; la cuisine autour d&#39;un m&ecirc;me sol<\/strong>, et qui se marie parfaitement avec le rev&ecirc;tement <strong>Parallelo<\/strong> et ses sublimes <strong>reliefs et effets de mati&egrave;re.<\/strong><\/p>\n<h3><strong>Cuisines &agrave; &icirc;lot ouvertes sur le salon<\/strong><\/h3>\n<p><img decoding=\"async\" alt=\"Cocinas abiertas al sal\u00f3n\" src=\"\/uploads\/media\/default\/0001\/04\/be2507d5e219577df24eb021dc116a343588a0b2.jpeg\" \/><em>Rev&ecirc;tement de sol : Woodsense Natural 25 x 150 REC. Rev&ecirc;tements muraux : Emerald, Off White et Tropic d&#39;Amazonia by Zyx. 13,8 x 13,8. <\/em><\/p>\n<p>Une fois &eacute;limin&eacute;s les murs et les cloisons, il faut absolument bien distribuer les &eacute;l&eacute;ments afin d&#39;<strong>obtenir un espace sophistiqu&eacute;, optimis&eacute; et pratique<\/strong>. En ajoutant un &icirc;lot dans une cuisine int&eacute;gr&eacute;e au salon, on cr&eacute;e une <strong>s&eacute;paration visuelle entre les deux zones<\/strong> et on am&eacute;liore la fonctionnalit&eacute; de l&#39;espace, car l&#39;&icirc;lot peut faire office de <strong>bar ou de banquette.<\/strong><\/p>\n<p>Ici, on a choisi de mettre l&#39;&icirc;lot en valeur avec le rev&ecirc;tement <strong><a href=\"http:\/\/www.zyxspace.com\/es\/colecciones\/AMAZONIA\/\" target=\"_blank\">Amazonia<\/a> <\/strong>de <a href=\"http:\/\/www.zyxspace.com\/es\/\" target=\"_blank\">Zyx<\/a>, tout en singularit&eacute; et en harmonie. C&#39;est &eacute;galement cette s&eacute;rie, dans sa version d&eacute;cor&eacute;e, que rev&ecirc;t l&#39;un des murs du salon, fa&ccedil;on &quot;accent wall&quot;. <em>Just for &lsquo;tropical minds&rsquo;.<\/em><\/p>\n<h3><strong>Cuisine ouverte sur le salon avec bar<\/strong><\/h3>\n<p><img decoding=\"async\" alt=\"Cocinas abiertas al sal\u00f3n\" src=\"\/uploads\/media\/default\/0001\/04\/66fbb28d35b57bf946eda16e6ad8ef6b2b71ec8c.jpeg\" \/><em>Rev&ecirc;tement de sol : <\/em><a href=\"https:\/\/www.colorker.com\/colecciones\/mistery.html\" target=\"_blank\"><em>Mistery<\/em><em> Black 90 x 90. <\/em><\/a><em>Rev&ecirc;tements muraux : Gatsby White Swing, Royal White Swing, Royal Flapper Shadow 14,8 x 14,8. <\/em><\/p>\n<p>Pour les projets d&#39;envergure limit&eacute;e, ou tout simplement si on pr&eacute;f&egrave;re ne pas installer d&#39;&icirc;lot, <strong>un bar<\/strong> peut &ecirc;tre une ressource d&eacute;co tr&egrave;s chic et pleine de style, pour <strong>un salon-cuisine dans le plus pur style am&eacute;ricain<\/strong>. Tout comme l&#39;&icirc;lot, l&#39;avant du bar peut &ecirc;tre <strong>rev&ecirc;tu de carreaux de ciment<\/strong>, qui lui conf&egrave;rent &eacute;l&eacute;gance et distinction.<\/p>\n<p>Dans cette cuisine, o&ugrave; l&#39;on remarque la collection style Art D&eacute;co <strong><a href=\"http:\/\/www.zyxspace.com\/es\/colecciones\/GATSBY\/\" target=\"_blank\">Gatsby<\/a><\/strong> de Zyx, <strong>la cuisine reste dans la partie arri&egrave;re du salon<\/strong>, les deux espaces communiquant au moyen de deux couloirs lat&eacute;raux. Une autre id&eacute;e pour <strong>int&eacute;grer la cuisine au salon sans relier compl&egrave;tement les deux pi&egrave;ces.<\/strong><\/p>\n<h3><strong>Cuisine &agrave; p&eacute;ninsule ouverte sur le salon<\/strong><\/h3>\n<p><img decoding=\"async\" alt=\"Cocinas abiertas al sal\u00f3n\" src=\"\/uploads\/media\/default\/0001\/04\/4a694ba0c15761d7cd08542e4ae7d08be5950220.jpeg\" \/><em>Rev&ecirc;tement de sol : <\/em><a href=\"https:\/\/www.colorker.com\/colecciones\/montana.html\" target=\"_blank\"><em>Montana<\/em><em> Brown 19,5 x 119,2 REC. <\/em><\/a><em>Dosseret et &icirc;lot : Mistery Black 75,5 x 151 REC. <\/em><\/p>\n<p>Pour les amateurs de cr&eacute;ativit&eacute; dans la cuisine, une cuisine &agrave; p&eacute;ninsule peut &ecirc;tre la solution parfaite pour <strong>agrandir l&#39;espace de travail<\/strong>. Toutefois, pour int&eacute;grer mobilier et &icirc;lot, il faut disposer d&#39;une grande cuisine qui puisse contenir tous ces &eacute;l&eacute;ments. Dans le cas contraire, <strong>une cuisine &agrave; p&eacute;ninsule ouverte au salon<\/strong> peut &ecirc;tre l&#39;option id&eacute;ale.<\/p>\n<p>Dans cette cuisine, <strong>la p&eacute;ninsule marque le rythme de la circulation<\/strong>, et permet de <strong>distribuer l&#39;espace de mani&egrave;re tr&egrave;s fluide et harmonieuse<\/strong>. En outre, <strong>cette zone se d&eacute;marque du reste de la pi&egrave;ce<\/strong> gr&acirc;ce &agrave; la pose d&#39;un <a href=\"https:\/\/www.colorker.com\/gres-efectos\/azulejos-marmol.html\" target=\"_blank\">rev&ecirc;tement c&eacute;ramique effet marbre<\/a> noir sur le plan de travail de l&#39;&icirc;lot et le dosseret, alors que le reste du sol est rev&ecirc;tu de bois c&eacute;ramique.<\/p>\n<p>Et vous, comment imaginez-vous votre cuisine ouverte sur le salon ?<\/p>\n","protected":false},"excerpt":{"rendered":"<p>Une petite cuisine peut ne pas le rester si vous vous d\u00e9cidez \u00e0 casser des cloisons pour int\u00e9grer la cuisine au salon. Un nouveau concept de salon-cuisine ouverte qui permettra de donner une impression d&rsquo;espace et d&rsquo;int\u00e9grer la \u00ab\u00a0zone des fourneaux\u00a0\u00bb lors des r\u00e9unions familiales ou entre amis. Cette d\u00e9co vous inspire ?<\/p>\n","protected":false},"author":1,"featured_media":13600,"comment_status":"open","ping_status":"open","sticky":false,"template":"","format":"standard","meta":{"_acf_changed":false,"footnotes":""},"categories":[22,559],"tags":[],"class_list":["post-13606","post","type-post","status-publish","format-standard","has-post-thumbnail","hentry","category-tendencias","category-tendances"],"acf":[],"yoast_head":"<!-- This site is optimized with the Yoast SEO plugin v27.5 - https:\/\/yoast.com\/product\/yoast-seo-wordpress\/ -->\n<title>Cuisines ouvertes sur le salon : le nouveau &quot;concept open-space&quot; qui vous permettra d&#039;ouvrir votre esprit (et vos pi\u00e8ces) - Colorker<\/title>\n<meta name=\"robots\" content=\"index, follow, max-snippet:-1, max-image-preview:large, max-video-preview:-1\" \/>\n<link rel=\"canonical\" href=\"https:\/\/www.colorker.com\/fr\/blog\/cuisines-ouvertes-salon\/\" \/>\n<meta property=\"og:locale\" content=\"fr_FR\" \/>\n<meta property=\"og:type\" content=\"article\" \/>\n<meta property=\"og:title\" content=\"Cuisines ouvertes sur le salon : le nouveau &quot;concept open-space&quot; qui vous permettra d&#039;ouvrir votre esprit (et vos pi\u00e8ces) - Colorker\" \/>\n<meta property=\"og:description\" content=\"Une petite cuisine peut ne pas le rester si vous vous d\u00e9cidez \u00e0 casser des cloisons pour int\u00e9grer la cuisine au salon. Un nouveau concept de salon-cuisine ouverte qui permettra de donner une impression d&#039;espace et d&#039;int\u00e9grer la &quot;zone des fourneaux&quot; lors des r\u00e9unions familiales ou entre amis. Cette d\u00e9co vous inspire ?\" \/>\n<meta property=\"og:url\" content=\"https:\/\/www.colorker.com\/fr\/blog\/cuisines-ouvertes-salon\/\" \/>\n<meta property=\"og:site_name\" content=\"Colorker\" \/>\n<meta property=\"article:published_time\" content=\"2021-02-24T11:33:52+00:00\" \/>\n<meta property=\"og:image\" content=\"https:\/\/www.colorker.com\/wp-content\/uploads\/2025\/05\/03c0c57b95ef5587b052b4b1566cafb49c64abc8.jpeg\" \/>\n\t<meta property=\"og:image:width\" content=\"1200\" \/>\n\t<meta property=\"og:image:height\" content=\"900\" \/>\n\t<meta property=\"og:image:type\" content=\"image\/jpeg\" \/>\n<meta name=\"author\" content=\"admin-colorker\" \/>\n<meta name=\"twitter:card\" content=\"summary_large_image\" \/>\n<meta name=\"twitter:label1\" content=\"\u00c9crit par\" \/>\n\t<meta name=\"twitter:data1\" content=\"admin-colorker\" \/>\n\t<meta name=\"twitter:label2\" content=\"Dur\u00e9e de lecture estim\u00e9e\" \/>\n\t<meta name=\"twitter:data2\" content=\"6 minutes\" \/>\n<script type=\"application\/ld+json\" class=\"yoast-schema-graph\">{\"@context\":\"https:\\\/\\\/schema.org\",\"@graph\":[{\"@type\":\"Article\",\"@id\":\"https:\\\/\\\/www.colorker.com\\\/fr\\\/blog\\\/cuisines-ouvertes-salon\\\/#article\",\"isPartOf\":{\"@id\":\"https:\\\/\\\/www.colorker.com\\\/fr\\\/blog\\\/cuisines-ouvertes-salon\\\/\"},\"author\":{\"name\":\"admin-colorker\",\"@id\":\"https:\\\/\\\/www.colorker.com\\\/fr\\\/#\\\/schema\\\/person\\\/c9a8d9d1131e599cdf78f6f7910736ca\"},\"headline\":\"Cuisines ouvertes sur le salon : le nouveau \u00ab\u00a0concept open-space\u00a0\u00bb qui vous permettra d&rsquo;ouvrir votre esprit (et vos pi\u00e8ces)\",\"datePublished\":\"2021-02-24T11:33:52+00:00\",\"mainEntityOfPage\":{\"@id\":\"https:\\\/\\\/www.colorker.com\\\/fr\\\/blog\\\/cuisines-ouvertes-salon\\\/\"},\"wordCount\":1259,\"commentCount\":0,\"image\":{\"@id\":\"https:\\\/\\\/www.colorker.com\\\/fr\\\/blog\\\/cuisines-ouvertes-salon\\\/#primaryimage\"},\"thumbnailUrl\":\"https:\\\/\\\/www.colorker.com\\\/wp-content\\\/uploads\\\/2025\\\/05\\\/03c0c57b95ef5587b052b4b1566cafb49c64abc8.jpeg\",\"articleSection\":[\"Tendencias\",\"Tendances\"],\"inLanguage\":\"fr-FR\"},{\"@type\":\"WebPage\",\"@id\":\"https:\\\/\\\/www.colorker.com\\\/fr\\\/blog\\\/cuisines-ouvertes-salon\\\/\",\"url\":\"https:\\\/\\\/www.colorker.com\\\/fr\\\/blog\\\/cuisines-ouvertes-salon\\\/\",\"name\":\"Cuisines ouvertes sur le salon : le nouveau \\\"concept open-space\\\" qui vous permettra d'ouvrir votre esprit (et vos pi\u00e8ces) - Colorker\",\"isPartOf\":{\"@id\":\"https:\\\/\\\/www.colorker.com\\\/fr\\\/#website\"},\"primaryImageOfPage\":{\"@id\":\"https:\\\/\\\/www.colorker.com\\\/fr\\\/blog\\\/cuisines-ouvertes-salon\\\/#primaryimage\"},\"image\":{\"@id\":\"https:\\\/\\\/www.colorker.com\\\/fr\\\/blog\\\/cuisines-ouvertes-salon\\\/#primaryimage\"},\"thumbnailUrl\":\"https:\\\/\\\/www.colorker.com\\\/wp-content\\\/uploads\\\/2025\\\/05\\\/03c0c57b95ef5587b052b4b1566cafb49c64abc8.jpeg\",\"datePublished\":\"2021-02-24T11:33:52+00:00\",\"author\":{\"@id\":\"https:\\\/\\\/www.colorker.com\\\/fr\\\/#\\\/schema\\\/person\\\/c9a8d9d1131e599cdf78f6f7910736ca\"},\"breadcrumb\":{\"@id\":\"https:\\\/\\\/www.colorker.com\\\/fr\\\/blog\\\/cuisines-ouvertes-salon\\\/#breadcrumb\"},\"inLanguage\":\"fr-FR\",\"potentialAction\":[{\"@type\":\"ReadAction\",\"target\":[\"https:\\\/\\\/www.colorker.com\\\/fr\\\/blog\\\/cuisines-ouvertes-salon\\\/\"]}]},{\"@type\":\"ImageObject\",\"inLanguage\":\"fr-FR\",\"@id\":\"https:\\\/\\\/www.colorker.com\\\/fr\\\/blog\\\/cuisines-ouvertes-salon\\\/#primaryimage\",\"url\":\"https:\\\/\\\/www.colorker.com\\\/wp-content\\\/uploads\\\/2025\\\/05\\\/03c0c57b95ef5587b052b4b1566cafb49c64abc8.jpeg\",\"contentUrl\":\"https:\\\/\\\/www.colorker.com\\\/wp-content\\\/uploads\\\/2025\\\/05\\\/03c0c57b95ef5587b052b4b1566cafb49c64abc8.jpeg\",\"width\":1200,\"height\":900},{\"@type\":\"BreadcrumbList\",\"@id\":\"https:\\\/\\\/www.colorker.com\\\/fr\\\/blog\\\/cuisines-ouvertes-salon\\\/#breadcrumb\",\"itemListElement\":[{\"@type\":\"ListItem\",\"position\":1,\"name\":\"Portada\",\"item\":\"https:\\\/\\\/www.colorker.com\\\/fr\\\/\"},{\"@type\":\"ListItem\",\"position\":2,\"name\":\"Cuisines ouvertes sur le salon : le nouveau \u00ab\u00a0concept open-space\u00a0\u00bb qui vous permettra d&rsquo;ouvrir votre esprit (et vos pi\u00e8ces)\"}]},{\"@type\":\"WebSite\",\"@id\":\"https:\\\/\\\/www.colorker.com\\\/fr\\\/#website\",\"url\":\"https:\\\/\\\/www.colorker.com\\\/fr\\\/\",\"name\":\"Colorker\",\"description\":\"\",\"potentialAction\":[{\"@type\":\"SearchAction\",\"target\":{\"@type\":\"EntryPoint\",\"urlTemplate\":\"https:\\\/\\\/www.colorker.com\\\/fr\\\/?s={search_term_string}\"},\"query-input\":{\"@type\":\"PropertyValueSpecification\",\"valueRequired\":true,\"valueName\":\"search_term_string\"}}],\"inLanguage\":\"fr-FR\"},{\"@type\":\"Person\",\"@id\":\"https:\\\/\\\/www.colorker.com\\\/fr\\\/#\\\/schema\\\/person\\\/c9a8d9d1131e599cdf78f6f7910736ca\",\"name\":\"admin-colorker\",\"image\":{\"@type\":\"ImageObject\",\"inLanguage\":\"fr-FR\",\"@id\":\"https:\\\/\\\/secure.gravatar.com\\\/avatar\\\/4610bdd0b5464301c49915ce1f3c4478213c2dc56d6b0b4ab34c7720ae29968c?s=96&d=mm&r=g\",\"url\":\"https:\\\/\\\/secure.gravatar.com\\\/avatar\\\/4610bdd0b5464301c49915ce1f3c4478213c2dc56d6b0b4ab34c7720ae29968c?s=96&d=mm&r=g\",\"contentUrl\":\"https:\\\/\\\/secure.gravatar.com\\\/avatar\\\/4610bdd0b5464301c49915ce1f3c4478213c2dc56d6b0b4ab34c7720ae29968c?s=96&d=mm&r=g\",\"caption\":\"admin-colorker\"},\"sameAs\":[\"https:\\\/\\\/desarrollo.digitalsquare.es\\\/colorker2\"],\"url\":\"https:\\\/\\\/www.colorker.com\\\/fr\\\/blog\\\/author\\\/admin-colorker\\\/\"}]}<\/script>\n<!-- \/ Yoast SEO plugin. -->","yoast_head_json":{"title":"Cuisines ouvertes sur le salon : le nouveau \"concept open-space\" qui vous permettra d'ouvrir votre esprit (et vos pi\u00e8ces) - Colorker","robots":{"index":"index","follow":"follow","max-snippet":"max-snippet:-1","max-image-preview":"max-image-preview:large","max-video-preview":"max-video-preview:-1"},"canonical":"https:\/\/www.colorker.com\/fr\/blog\/cuisines-ouvertes-salon\/","og_locale":"fr_FR","og_type":"article","og_title":"Cuisines ouvertes sur le salon : le nouveau \"concept open-space\" qui vous permettra d'ouvrir votre esprit (et vos pi\u00e8ces) - Colorker","og_description":"Une petite cuisine peut ne pas le rester si vous vous d\u00e9cidez \u00e0 casser des cloisons pour int\u00e9grer la cuisine au salon. Un nouveau concept de salon-cuisine ouverte qui permettra de donner une impression d'espace et d'int\u00e9grer la \"zone des fourneaux\" lors des r\u00e9unions familiales ou entre amis. Cette d\u00e9co vous inspire ?","og_url":"https:\/\/www.colorker.com\/fr\/blog\/cuisines-ouvertes-salon\/","og_site_name":"Colorker","article_published_time":"2021-02-24T11:33:52+00:00","og_image":[{"width":1200,"height":900,"url":"https:\/\/www.colorker.com\/wp-content\/uploads\/2025\/05\/03c0c57b95ef5587b052b4b1566cafb49c64abc8.jpeg","type":"image\/jpeg"}],"author":"admin-colorker","twitter_card":"summary_large_image","twitter_misc":{"\u00c9crit par":"admin-colorker","Dur\u00e9e de lecture estim\u00e9e":"6 minutes"},"schema":{"@context":"https:\/\/schema.org","@graph":[{"@type":"Article","@id":"https:\/\/www.colorker.com\/fr\/blog\/cuisines-ouvertes-salon\/#article","isPartOf":{"@id":"https:\/\/www.colorker.com\/fr\/blog\/cuisines-ouvertes-salon\/"},"author":{"name":"admin-colorker","@id":"https:\/\/www.colorker.com\/fr\/#\/schema\/person\/c9a8d9d1131e599cdf78f6f7910736ca"},"headline":"Cuisines ouvertes sur le salon : le nouveau \u00ab\u00a0concept open-space\u00a0\u00bb qui vous permettra d&rsquo;ouvrir votre esprit (et vos pi\u00e8ces)","datePublished":"2021-02-24T11:33:52+00:00","mainEntityOfPage":{"@id":"https:\/\/www.colorker.com\/fr\/blog\/cuisines-ouvertes-salon\/"},"wordCount":1259,"commentCount":0,"image":{"@id":"https:\/\/www.colorker.com\/fr\/blog\/cuisines-ouvertes-salon\/#primaryimage"},"thumbnailUrl":"https:\/\/www.colorker.com\/wp-content\/uploads\/2025\/05\/03c0c57b95ef5587b052b4b1566cafb49c64abc8.jpeg","articleSection":["Tendencias","Tendances"],"inLanguage":"fr-FR"},{"@type":"WebPage","@id":"https:\/\/www.colorker.com\/fr\/blog\/cuisines-ouvertes-salon\/","url":"https:\/\/www.colorker.com\/fr\/blog\/cuisines-ouvertes-salon\/","name":"Cuisines ouvertes sur le salon : le nouveau \"concept open-space\" qui vous permettra d'ouvrir votre esprit (et vos pi\u00e8ces) - Colorker","isPartOf":{"@id":"https:\/\/www.colorker.com\/fr\/#website"},"primaryImageOfPage":{"@id":"https:\/\/www.colorker.com\/fr\/blog\/cuisines-ouvertes-salon\/#primaryimage"},"image":{"@id":"https:\/\/www.colorker.com\/fr\/blog\/cuisines-ouvertes-salon\/#primaryimage"},"thumbnailUrl":"https:\/\/www.colorker.com\/wp-content\/uploads\/2025\/05\/03c0c57b95ef5587b052b4b1566cafb49c64abc8.jpeg","datePublished":"2021-02-24T11:33:52+00:00","author":{"@id":"https:\/\/www.colorker.com\/fr\/#\/schema\/person\/c9a8d9d1131e599cdf78f6f7910736ca"},"breadcrumb":{"@id":"https:\/\/www.colorker.com\/fr\/blog\/cuisines-ouvertes-salon\/#breadcrumb"},"inLanguage":"fr-FR","potentialAction":[{"@type":"ReadAction","target":["https:\/\/www.colorker.com\/fr\/blog\/cuisines-ouvertes-salon\/"]}]},{"@type":"ImageObject","inLanguage":"fr-FR","@id":"https:\/\/www.colorker.com\/fr\/blog\/cuisines-ouvertes-salon\/#primaryimage","url":"https:\/\/www.colorker.com\/wp-content\/uploads\/2025\/05\/03c0c57b95ef5587b052b4b1566cafb49c64abc8.jpeg","contentUrl":"https:\/\/www.colorker.com\/wp-content\/uploads\/2025\/05\/03c0c57b95ef5587b052b4b1566cafb49c64abc8.jpeg","width":1200,"height":900},{"@type":"BreadcrumbList","@id":"https:\/\/www.colorker.com\/fr\/blog\/cuisines-ouvertes-salon\/#breadcrumb","itemListElement":[{"@type":"ListItem","position":1,"name":"Portada","item":"https:\/\/www.colorker.com\/fr\/"},{"@type":"ListItem","position":2,"name":"Cuisines ouvertes sur le salon : le nouveau \u00ab\u00a0concept open-space\u00a0\u00bb qui vous permettra d&rsquo;ouvrir votre esprit (et vos pi\u00e8ces)"}]},{"@type":"WebSite","@id":"https:\/\/www.colorker.com\/fr\/#website","url":"https:\/\/www.colorker.com\/fr\/","name":"Colorker","description":"","potentialAction":[{"@type":"SearchAction","target":{"@type":"EntryPoint","urlTemplate":"https:\/\/www.colorker.com\/fr\/?s={search_term_string}"},"query-input":{"@type":"PropertyValueSpecification","valueRequired":true,"valueName":"search_term_string"}}],"inLanguage":"fr-FR"},{"@type":"Person","@id":"https:\/\/www.colorker.com\/fr\/#\/schema\/person\/c9a8d9d1131e599cdf78f6f7910736ca","name":"admin-colorker","image":{"@type":"ImageObject","inLanguage":"fr-FR","@id":"https:\/\/secure.gravatar.com\/avatar\/4610bdd0b5464301c49915ce1f3c4478213c2dc56d6b0b4ab34c7720ae29968c?s=96&d=mm&r=g","url":"https:\/\/secure.gravatar.com\/avatar\/4610bdd0b5464301c49915ce1f3c4478213c2dc56d6b0b4ab34c7720ae29968c?s=96&d=mm&r=g","contentUrl":"https:\/\/secure.gravatar.com\/avatar\/4610bdd0b5464301c49915ce1f3c4478213c2dc56d6b0b4ab34c7720ae29968c?s=96&d=mm&r=g","caption":"admin-colorker"},"sameAs":["https:\/\/desarrollo.digitalsquare.es\/colorker2"],"url":"https:\/\/www.colorker.com\/fr\/blog\/author\/admin-colorker\/"}]}},"_links":{"self":[{"href":"https:\/\/www.colorker.com\/fr\/wp-json\/wp\/v2\/posts\/13606","targetHints":{"allow":["GET"]}}],"collection":[{"href":"https:\/\/www.colorker.com\/fr\/wp-json\/wp\/v2\/posts"}],"about":[{"href":"https:\/\/www.colorker.com\/fr\/wp-json\/wp\/v2\/types\/post"}],"author":[{"embeddable":true,"href":"https:\/\/www.colorker.com\/fr\/wp-json\/wp\/v2\/users\/1"}],"replies":[{"embeddable":true,"href":"https:\/\/www.colorker.com\/fr\/wp-json\/wp\/v2\/comments?post=13606"}],"version-history":[{"count":0,"href":"https:\/\/www.colorker.com\/fr\/wp-json\/wp\/v2\/posts\/13606\/revisions"}],"wp:featuredmedia":[{"embeddable":true,"href":"https:\/\/www.colorker.com\/fr\/wp-json\/wp\/v2\/media\/13600"}],"wp:attachment":[{"href":"https:\/\/www.colorker.com\/fr\/wp-json\/wp\/v2\/media?parent=13606"}],"wp:term":[{"taxonomy":"category","embeddable":true,"href":"https:\/\/www.colorker.com\/fr\/wp-json\/wp\/v2\/categories?post=13606"},{"taxonomy":"post_tag","embeddable":true,"href":"https:\/\/www.colorker.com\/fr\/wp-json\/wp\/v2\/tags?post=13606"}],"curies":[{"name":"wp","href":"https:\/\/api.w.org\/{rel}","templated":true}]}}