{"id":13561,"date":"2020-12-11T11:53:41","date_gmt":"2020-12-11T10:53:41","guid":{"rendered":"https:\/\/desarrollo.digitalsquare.es\/colorker2\/modular-concept\/"},"modified":"2020-12-11T11:53:41","modified_gmt":"2020-12-11T10:53:41","slug":"modular-concept","status":"publish","type":"post","link":"https:\/\/www.colorker.com\/fr\/blog\/modular-concept\/","title":{"rendered":"Modular Concept : la pierre au summum du r\u00e9alisme. Nouveaux modes de pose"},"content":{"rendered":"<p><em>Colorker lance une nouvelle typologie de produit bas&eacute;e sur des pi&egrave;ces modulables dont l&#39;esth&eacute;tique rappelle v&eacute;ritablement la pierre naturelle. Quatre formats dans un m&ecirc;me emballage, afin de simplifier la gestion commerciale et logistique.<\/em><\/p>\n<p>Au-del&agrave; de son pari sur l&#39;innovation et la technologie appliqu&eacute;e au produit c&eacute;ramique, <a href=\"https:\/\/www.colorker.com\/\" target=\"_blank\">Colorker<\/a> ajoute en 2020 de nouveaux formats et finitions &agrave; son catalogue de nouveaut&eacute;s.&nbsp;Plus qu&#39;une nouvelle typologie de produit, <em>Modular Concept<\/em> est un nouveau concept de pose, qui permet de <strong>combiner entre eux diff&eacute;rents formats &agrave; l&#39;esth&eacute;tique identique sur une m&ecirc;me surface.<\/strong><\/p>\n<p>Modularit&eacute; et polyvalence au service des professionnels de l&#39;architecture et de la d&eacute;coration d&#39;int&eacute;rieur, et avantages en termes commerciaux et logistiques. Par ailleurs, Colorker propose un seul et <strong>m&ecirc;me emballage<\/strong> pour les quatre diff&eacute;rents formats de <em>Modular Concept<\/em> : <strong>44 x 66 cm, 44 x 44 cm, 22 x 22 cm et 22 x 44 cm.<\/strong><\/p>\n<p style=\"text-align:center\"><span style=\"font-size:12.0pt\"><span style=\"font-family:&quot;Calibri&quot;,sans-serif\"><strong><img decoding=\"async\" alt=\"Giant Modular Concept\" src=\"\/uploads\/media\/default\/0001\/04\/edc67117129bdd8d609223cc57bd7ea30bcea188.jpeg\" style=\"height:700px; width:1000px\" \/><\/strong><\/span><\/span><\/p>\n<h2>Un classique intemporel. Aussi naturel que la pierre<\/h2>\n<p>Les avantages en termes de format et de possibilit&eacute;s d&#39;association s&#39;ajoutent &agrave; l&#39;esprit tr&egrave;s r&eacute;aliste qui a guid&eacute; la cr&eacute;ation de ces <a href=\"https:\/\/www.colorker.com\/gres-efectos\/azulejos-piedra.html\" target=\"_blank\">carreaux imitation pierre<\/a>. Une gamme de produits qui se mat&eacute;rialise en trois diff&eacute;rentes s&eacute;ries : <strong>Giant, Meribel et Loira.<\/strong><\/p>\n<p><strong><a href=\"https:\/\/www.colorker.com\/fr\/collections\/giant.html\" target=\"_blank\">Giant<\/a> <\/strong>est une ode &agrave; la force de la nature. Une pierre c&eacute;ramique pleine de caract&egrave;re et de sobri&eacute;t&eacute;. Cette &eacute;l&eacute;gante version de <em>Modular Concept<\/em>, &agrave; la finition mate et aux reliefs subtils, imite la pierre naturelle avec ses veines d&eacute;licates. Une proposition de Colorker disponible en<strong> trois couleurs : White, Grey et Dark<\/strong>. Elle s&#39;adapte &agrave; tous les types d&#39;espace, des plus rustiques aux plus contemporains. Une esth&eacute;tique tr&egrave;s recherch&eacute;e qui, gr&acirc;ce &agrave; la modularit&eacute; du produit, permet de cr&eacute;er des ambiances tout en continuit&eacute;.<\/p>\n<p style=\"text-align:center\"><span style=\"font-size:12.0pt\"><span style=\"font-family:&quot;Calibri&quot;,sans-serif\"><img decoding=\"async\" alt=\"Giant Modular Concept\" id=\"\" src=\"\/uploads\/media\/default\/0001\/04\/833f774abda79112089b7582fc23752200fc24e8.jpeg\" style=\"height:700px; width:1000px\" title=\"\" \/><\/span><\/span><\/p>\n<p><strong><a href=\"https:\/\/www.colorker.com\/fr\/collections\/meribel.html\" target=\"_blank\">Meribel<\/a> <\/strong>est la pierre naturelle &agrave; l&#39;&eacute;tat pur. Un gr&egrave;s c&eacute;rame dont la force, la couleur et l&#39;aspect sont une repr&eacute;sentation fid&egrave;le du mat&eacute;riau venu directement de la nature. Cette s&eacute;rie s&#39;int&egrave;gre parfaitement &agrave; tous types de projets ou de styles, et se distingue par l&#39;effet d&eacute;lav&eacute; doux entre ses pi&egrave;ces et sa finition mate disponible en <strong>deux couleurs : Pearl et Beige<\/strong>. Meribel s&#39;illustre &eacute;galement par son esprit artisanal. Son esth&eacute;tique au relief doux et bouchard&eacute; rappelle le travail des tailleurs de pierre.<\/p>\n<p style=\"text-align:center\"><img decoding=\"async\" alt=\"Meribel Modular Concept\" src=\"\/uploads\/media\/default\/0001\/04\/f30b2a3eb4a6f79247ccc6274aab5b625a17195d.jpeg\" style=\"height:667px; width:1000px\" \/><\/p>\n<p><strong><a href=\"https:\/\/www.colorker.com\/fr\/collections\/loira.html\" target=\"_self\">Loira<\/a><\/strong> nous transporte en France et nous donne &agrave; voir ses paysages, en s&#39;inspirant des plus belles pierres du pays. Une fid&egrave;le reproduction du Travertin. Sa singularit&eacute; repose sur son aspect tr&egrave;s d&eacute;lav&eacute;, qui rend chaque pi&egrave;ce unique et cr&eacute;e un magnifique d&eacute;grad&eacute;. Naturalit&eacute; et hommage &agrave; la perfection de l&#39;imperfection.<\/p>\n<p style=\"text-align:center\"><img decoding=\"async\" alt=\"Loira Modular Concept\" src=\"\/uploads\/media\/default\/0001\/04\/b741e4aa4cd2be9086f4d015bfaa0e2b08e6914e.jpeg\" \/><\/p>\n<h2>Peut-on poser <em>Modular Concept<\/em> en ext&eacute;rieur ?<\/h2>\n<p>Oui, la nouvelle s&eacute;rie <em>Modular Concept<\/em> propose <strong>une finition classe 2<\/strong>, ce qui permet de la poser en int&eacute;rieur comme en ext&eacute;rieur.<\/p>\n<p>Retrouvez toutes les informations sur <em>Modular Concept<\/em> dans le catalogue.<\/p>\n<p style=\"text-align:center\"><a href=\"http:\/\/www.colorker.com\/\/uploads\/media\/default\/0001\/04\/MODULAR_CONCEPT.pdf\" target=\"_blank\"><span style=\"font-size:12.0pt\"><span style=\"font-family:&quot;Calibri&quot;,sans-serif\"><input type=\"button\" value=\"T\u00e9l\u00e9charger\" \/><\/span><\/span><\/a><\/p>\n<p style=\"text-align:center\"><iframe loading=\"lazy\" frameborder=\"0\" height=\"315\" src=\"https:\/\/www.youtube.com\/embed\/msetyH8EGxE\" title=\"YouTube video player\" width=\"560\"><\/iframe><\/p>\n","protected":false},"excerpt":{"rendered":"<p>Colorker lance une nouvelle typologie de produit bas\u00e9e sur des pi\u00e8ces modulables dont l&rsquo;esth\u00e9tique rappelle v\u00e9ritablement la pierre naturelle. Quatre formats dans un m\u00eame emballage, afin de simplifier la gestion commerciale et logistique.<\/p>\n","protected":false},"author":1,"featured_media":13554,"comment_status":"open","ping_status":"open","sticky":false,"template":"","format":"standard","meta":{"_acf_changed":false,"footnotes":""},"categories":[23,563],"tags":[],"class_list":["post-13561","post","type-post","status-publish","format-standard","has-post-thumbnail","hentry","category-productos","category-produits"],"acf":[],"yoast_head":"<!-- This site is optimized with the Yoast SEO plugin v27.5 - https:\/\/yoast.com\/product\/yoast-seo-wordpress\/ -->\n<title>Modular Concept : la pierre au summum du r\u00e9alisme. Nouveaux modes de pose - Colorker<\/title>\n<meta name=\"robots\" content=\"index, follow, max-snippet:-1, max-image-preview:large, max-video-preview:-1\" \/>\n<link rel=\"canonical\" href=\"https:\/\/www.colorker.com\/fr\/blog\/modular-concept\/\" \/>\n<meta property=\"og:locale\" content=\"fr_FR\" \/>\n<meta property=\"og:type\" content=\"article\" \/>\n<meta property=\"og:title\" content=\"Modular Concept : la pierre au summum du r\u00e9alisme. Nouveaux modes de pose - Colorker\" \/>\n<meta property=\"og:description\" content=\"Colorker lance une nouvelle typologie de produit bas\u00e9e sur des pi\u00e8ces modulables dont l&#039;esth\u00e9tique rappelle v\u00e9ritablement la pierre naturelle. Quatre formats dans un m\u00eame emballage, afin de simplifier la gestion commerciale et logistique.\" \/>\n<meta property=\"og:url\" content=\"https:\/\/www.colorker.com\/fr\/blog\/modular-concept\/\" \/>\n<meta property=\"og:site_name\" content=\"Colorker\" \/>\n<meta property=\"article:published_time\" content=\"2020-12-11T10:53:41+00:00\" \/>\n<meta property=\"og:image\" content=\"https:\/\/www.colorker.com\/wp-content\/uploads\/2025\/05\/4b58fdcd806bcd4ea9f83eb345ae29b310cc34ee.jpeg\" \/>\n\t<meta property=\"og:image:width\" content=\"1484\" \/>\n\t<meta property=\"og:image:height\" content=\"1034\" \/>\n\t<meta property=\"og:image:type\" content=\"image\/jpeg\" \/>\n<meta name=\"author\" content=\"admin-colorker\" \/>\n<meta name=\"twitter:card\" content=\"summary_large_image\" \/>\n<meta name=\"twitter:label1\" content=\"\u00c9crit par\" \/>\n\t<meta name=\"twitter:data1\" content=\"admin-colorker\" \/>\n\t<meta name=\"twitter:label2\" content=\"Dur\u00e9e de lecture estim\u00e9e\" \/>\n\t<meta name=\"twitter:data2\" content=\"3 minutes\" \/>\n<script type=\"application\/ld+json\" class=\"yoast-schema-graph\">{\"@context\":\"https:\\\/\\\/schema.org\",\"@graph\":[{\"@type\":\"Article\",\"@id\":\"https:\\\/\\\/www.colorker.com\\\/fr\\\/blog\\\/modular-concept\\\/#article\",\"isPartOf\":{\"@id\":\"https:\\\/\\\/www.colorker.com\\\/fr\\\/blog\\\/modular-concept\\\/\"},\"author\":{\"name\":\"admin-colorker\",\"@id\":\"https:\\\/\\\/www.colorker.com\\\/fr\\\/#\\\/schema\\\/person\\\/c9a8d9d1131e599cdf78f6f7910736ca\"},\"headline\":\"Modular Concept : la pierre au summum du r\u00e9alisme. Nouveaux modes de pose\",\"datePublished\":\"2020-12-11T10:53:41+00:00\",\"mainEntityOfPage\":{\"@id\":\"https:\\\/\\\/www.colorker.com\\\/fr\\\/blog\\\/modular-concept\\\/\"},\"wordCount\":590,\"commentCount\":0,\"image\":{\"@id\":\"https:\\\/\\\/www.colorker.com\\\/fr\\\/blog\\\/modular-concept\\\/#primaryimage\"},\"thumbnailUrl\":\"https:\\\/\\\/www.colorker.com\\\/wp-content\\\/uploads\\\/2025\\\/05\\\/4b58fdcd806bcd4ea9f83eb345ae29b310cc34ee.jpeg\",\"articleSection\":[\"Productos\",\"Produits\"],\"inLanguage\":\"fr-FR\"},{\"@type\":\"WebPage\",\"@id\":\"https:\\\/\\\/www.colorker.com\\\/fr\\\/blog\\\/modular-concept\\\/\",\"url\":\"https:\\\/\\\/www.colorker.com\\\/fr\\\/blog\\\/modular-concept\\\/\",\"name\":\"Modular Concept : la pierre au summum du r\u00e9alisme. Nouveaux modes de pose - Colorker\",\"isPartOf\":{\"@id\":\"https:\\\/\\\/www.colorker.com\\\/fr\\\/#website\"},\"primaryImageOfPage\":{\"@id\":\"https:\\\/\\\/www.colorker.com\\\/fr\\\/blog\\\/modular-concept\\\/#primaryimage\"},\"image\":{\"@id\":\"https:\\\/\\\/www.colorker.com\\\/fr\\\/blog\\\/modular-concept\\\/#primaryimage\"},\"thumbnailUrl\":\"https:\\\/\\\/www.colorker.com\\\/wp-content\\\/uploads\\\/2025\\\/05\\\/4b58fdcd806bcd4ea9f83eb345ae29b310cc34ee.jpeg\",\"datePublished\":\"2020-12-11T10:53:41+00:00\",\"author\":{\"@id\":\"https:\\\/\\\/www.colorker.com\\\/fr\\\/#\\\/schema\\\/person\\\/c9a8d9d1131e599cdf78f6f7910736ca\"},\"breadcrumb\":{\"@id\":\"https:\\\/\\\/www.colorker.com\\\/fr\\\/blog\\\/modular-concept\\\/#breadcrumb\"},\"inLanguage\":\"fr-FR\",\"potentialAction\":[{\"@type\":\"ReadAction\",\"target\":[\"https:\\\/\\\/www.colorker.com\\\/fr\\\/blog\\\/modular-concept\\\/\"]}]},{\"@type\":\"ImageObject\",\"inLanguage\":\"fr-FR\",\"@id\":\"https:\\\/\\\/www.colorker.com\\\/fr\\\/blog\\\/modular-concept\\\/#primaryimage\",\"url\":\"https:\\\/\\\/www.colorker.com\\\/wp-content\\\/uploads\\\/2025\\\/05\\\/4b58fdcd806bcd4ea9f83eb345ae29b310cc34ee.jpeg\",\"contentUrl\":\"https:\\\/\\\/www.colorker.com\\\/wp-content\\\/uploads\\\/2025\\\/05\\\/4b58fdcd806bcd4ea9f83eb345ae29b310cc34ee.jpeg\",\"width\":1484,\"height\":1034},{\"@type\":\"BreadcrumbList\",\"@id\":\"https:\\\/\\\/www.colorker.com\\\/fr\\\/blog\\\/modular-concept\\\/#breadcrumb\",\"itemListElement\":[{\"@type\":\"ListItem\",\"position\":1,\"name\":\"Portada\",\"item\":\"https:\\\/\\\/www.colorker.com\\\/fr\\\/\"},{\"@type\":\"ListItem\",\"position\":2,\"name\":\"Modular Concept : la pierre au summum du r\u00e9alisme. Nouveaux modes de pose\"}]},{\"@type\":\"WebSite\",\"@id\":\"https:\\\/\\\/www.colorker.com\\\/fr\\\/#website\",\"url\":\"https:\\\/\\\/www.colorker.com\\\/fr\\\/\",\"name\":\"Colorker\",\"description\":\"\",\"potentialAction\":[{\"@type\":\"SearchAction\",\"target\":{\"@type\":\"EntryPoint\",\"urlTemplate\":\"https:\\\/\\\/www.colorker.com\\\/fr\\\/?s={search_term_string}\"},\"query-input\":{\"@type\":\"PropertyValueSpecification\",\"valueRequired\":true,\"valueName\":\"search_term_string\"}}],\"inLanguage\":\"fr-FR\"},{\"@type\":\"Person\",\"@id\":\"https:\\\/\\\/www.colorker.com\\\/fr\\\/#\\\/schema\\\/person\\\/c9a8d9d1131e599cdf78f6f7910736ca\",\"name\":\"admin-colorker\",\"image\":{\"@type\":\"ImageObject\",\"inLanguage\":\"fr-FR\",\"@id\":\"https:\\\/\\\/secure.gravatar.com\\\/avatar\\\/4610bdd0b5464301c49915ce1f3c4478213c2dc56d6b0b4ab34c7720ae29968c?s=96&d=mm&r=g\",\"url\":\"https:\\\/\\\/secure.gravatar.com\\\/avatar\\\/4610bdd0b5464301c49915ce1f3c4478213c2dc56d6b0b4ab34c7720ae29968c?s=96&d=mm&r=g\",\"contentUrl\":\"https:\\\/\\\/secure.gravatar.com\\\/avatar\\\/4610bdd0b5464301c49915ce1f3c4478213c2dc56d6b0b4ab34c7720ae29968c?s=96&d=mm&r=g\",\"caption\":\"admin-colorker\"},\"sameAs\":[\"https:\\\/\\\/desarrollo.digitalsquare.es\\\/colorker2\"],\"url\":\"https:\\\/\\\/www.colorker.com\\\/fr\\\/blog\\\/author\\\/admin-colorker\\\/\"}]}<\/script>\n<!-- \/ Yoast SEO plugin. -->","yoast_head_json":{"title":"Modular Concept : la pierre au summum du r\u00e9alisme. Nouveaux modes de pose - Colorker","robots":{"index":"index","follow":"follow","max-snippet":"max-snippet:-1","max-image-preview":"max-image-preview:large","max-video-preview":"max-video-preview:-1"},"canonical":"https:\/\/www.colorker.com\/fr\/blog\/modular-concept\/","og_locale":"fr_FR","og_type":"article","og_title":"Modular Concept : la pierre au summum du r\u00e9alisme. Nouveaux modes de pose - Colorker","og_description":"Colorker lance une nouvelle typologie de produit bas\u00e9e sur des pi\u00e8ces modulables dont l'esth\u00e9tique rappelle v\u00e9ritablement la pierre naturelle. Quatre formats dans un m\u00eame emballage, afin de simplifier la gestion commerciale et logistique.","og_url":"https:\/\/www.colorker.com\/fr\/blog\/modular-concept\/","og_site_name":"Colorker","article_published_time":"2020-12-11T10:53:41+00:00","og_image":[{"width":1484,"height":1034,"url":"https:\/\/www.colorker.com\/wp-content\/uploads\/2025\/05\/4b58fdcd806bcd4ea9f83eb345ae29b310cc34ee.jpeg","type":"image\/jpeg"}],"author":"admin-colorker","twitter_card":"summary_large_image","twitter_misc":{"\u00c9crit par":"admin-colorker","Dur\u00e9e de lecture estim\u00e9e":"3 minutes"},"schema":{"@context":"https:\/\/schema.org","@graph":[{"@type":"Article","@id":"https:\/\/www.colorker.com\/fr\/blog\/modular-concept\/#article","isPartOf":{"@id":"https:\/\/www.colorker.com\/fr\/blog\/modular-concept\/"},"author":{"name":"admin-colorker","@id":"https:\/\/www.colorker.com\/fr\/#\/schema\/person\/c9a8d9d1131e599cdf78f6f7910736ca"},"headline":"Modular Concept : la pierre au summum du r\u00e9alisme. Nouveaux modes de pose","datePublished":"2020-12-11T10:53:41+00:00","mainEntityOfPage":{"@id":"https:\/\/www.colorker.com\/fr\/blog\/modular-concept\/"},"wordCount":590,"commentCount":0,"image":{"@id":"https:\/\/www.colorker.com\/fr\/blog\/modular-concept\/#primaryimage"},"thumbnailUrl":"https:\/\/www.colorker.com\/wp-content\/uploads\/2025\/05\/4b58fdcd806bcd4ea9f83eb345ae29b310cc34ee.jpeg","articleSection":["Productos","Produits"],"inLanguage":"fr-FR"},{"@type":"WebPage","@id":"https:\/\/www.colorker.com\/fr\/blog\/modular-concept\/","url":"https:\/\/www.colorker.com\/fr\/blog\/modular-concept\/","name":"Modular Concept : la pierre au summum du r\u00e9alisme. Nouveaux modes de pose - Colorker","isPartOf":{"@id":"https:\/\/www.colorker.com\/fr\/#website"},"primaryImageOfPage":{"@id":"https:\/\/www.colorker.com\/fr\/blog\/modular-concept\/#primaryimage"},"image":{"@id":"https:\/\/www.colorker.com\/fr\/blog\/modular-concept\/#primaryimage"},"thumbnailUrl":"https:\/\/www.colorker.com\/wp-content\/uploads\/2025\/05\/4b58fdcd806bcd4ea9f83eb345ae29b310cc34ee.jpeg","datePublished":"2020-12-11T10:53:41+00:00","author":{"@id":"https:\/\/www.colorker.com\/fr\/#\/schema\/person\/c9a8d9d1131e599cdf78f6f7910736ca"},"breadcrumb":{"@id":"https:\/\/www.colorker.com\/fr\/blog\/modular-concept\/#breadcrumb"},"inLanguage":"fr-FR","potentialAction":[{"@type":"ReadAction","target":["https:\/\/www.colorker.com\/fr\/blog\/modular-concept\/"]}]},{"@type":"ImageObject","inLanguage":"fr-FR","@id":"https:\/\/www.colorker.com\/fr\/blog\/modular-concept\/#primaryimage","url":"https:\/\/www.colorker.com\/wp-content\/uploads\/2025\/05\/4b58fdcd806bcd4ea9f83eb345ae29b310cc34ee.jpeg","contentUrl":"https:\/\/www.colorker.com\/wp-content\/uploads\/2025\/05\/4b58fdcd806bcd4ea9f83eb345ae29b310cc34ee.jpeg","width":1484,"height":1034},{"@type":"BreadcrumbList","@id":"https:\/\/www.colorker.com\/fr\/blog\/modular-concept\/#breadcrumb","itemListElement":[{"@type":"ListItem","position":1,"name":"Portada","item":"https:\/\/www.colorker.com\/fr\/"},{"@type":"ListItem","position":2,"name":"Modular Concept : la pierre au summum du r\u00e9alisme. Nouveaux modes de pose"}]},{"@type":"WebSite","@id":"https:\/\/www.colorker.com\/fr\/#website","url":"https:\/\/www.colorker.com\/fr\/","name":"Colorker","description":"","potentialAction":[{"@type":"SearchAction","target":{"@type":"EntryPoint","urlTemplate":"https:\/\/www.colorker.com\/fr\/?s={search_term_string}"},"query-input":{"@type":"PropertyValueSpecification","valueRequired":true,"valueName":"search_term_string"}}],"inLanguage":"fr-FR"},{"@type":"Person","@id":"https:\/\/www.colorker.com\/fr\/#\/schema\/person\/c9a8d9d1131e599cdf78f6f7910736ca","name":"admin-colorker","image":{"@type":"ImageObject","inLanguage":"fr-FR","@id":"https:\/\/secure.gravatar.com\/avatar\/4610bdd0b5464301c49915ce1f3c4478213c2dc56d6b0b4ab34c7720ae29968c?s=96&d=mm&r=g","url":"https:\/\/secure.gravatar.com\/avatar\/4610bdd0b5464301c49915ce1f3c4478213c2dc56d6b0b4ab34c7720ae29968c?s=96&d=mm&r=g","contentUrl":"https:\/\/secure.gravatar.com\/avatar\/4610bdd0b5464301c49915ce1f3c4478213c2dc56d6b0b4ab34c7720ae29968c?s=96&d=mm&r=g","caption":"admin-colorker"},"sameAs":["https:\/\/desarrollo.digitalsquare.es\/colorker2"],"url":"https:\/\/www.colorker.com\/fr\/blog\/author\/admin-colorker\/"}]}},"_links":{"self":[{"href":"https:\/\/www.colorker.com\/fr\/wp-json\/wp\/v2\/posts\/13561","targetHints":{"allow":["GET"]}}],"collection":[{"href":"https:\/\/www.colorker.com\/fr\/wp-json\/wp\/v2\/posts"}],"about":[{"href":"https:\/\/www.colorker.com\/fr\/wp-json\/wp\/v2\/types\/post"}],"author":[{"embeddable":true,"href":"https:\/\/www.colorker.com\/fr\/wp-json\/wp\/v2\/users\/1"}],"replies":[{"embeddable":true,"href":"https:\/\/www.colorker.com\/fr\/wp-json\/wp\/v2\/comments?post=13561"}],"version-history":[{"count":0,"href":"https:\/\/www.colorker.com\/fr\/wp-json\/wp\/v2\/posts\/13561\/revisions"}],"wp:featuredmedia":[{"embeddable":true,"href":"https:\/\/www.colorker.com\/fr\/wp-json\/wp\/v2\/media\/13554"}],"wp:attachment":[{"href":"https:\/\/www.colorker.com\/fr\/wp-json\/wp\/v2\/media?parent=13561"}],"wp:term":[{"taxonomy":"category","embeddable":true,"href":"https:\/\/www.colorker.com\/fr\/wp-json\/wp\/v2\/categories?post=13561"},{"taxonomy":"post_tag","embeddable":true,"href":"https:\/\/www.colorker.com\/fr\/wp-json\/wp\/v2\/tags?post=13561"}],"curies":[{"name":"wp","href":"https:\/\/api.w.org\/{rel}","templated":true}]}}