{"id":67185,"date":"2026-01-20T12:29:21","date_gmt":"2026-01-20T11:29:21","guid":{"rendered":"https:\/\/www.colorker.com\/blog\/whats-next-colorker-presenta-en-primicia-sus-apuestas-de-diseno-para-2026\/"},"modified":"2026-01-20T12:33:35","modified_gmt":"2026-01-20T11:33:35","slug":"whats-next-colorker-presenta-en-primicia-sus-apuestas-de-diseno-para-2026","status":"publish","type":"post","link":"https:\/\/www.colorker.com\/de\/blog\/whats-next-colorker-presenta-en-primicia-sus-apuestas-de-diseno-para-2026\/","title":{"rendered":"What\u2019s Next: Colorker pr\u00e4sentiert exklusiv seine Designtrends f\u00fcr 2026"},"content":{"rendered":"<p><strong>What\u2019s Next<\/strong> ist der Name des Events, mit dem Colorker dem Markt einen exklusiven Einblick in seine wichtigsten Neuheiten im Keramikbereich f\u00fcr 2026 gibt. Vom <strong>9. bis 27. Februar<\/strong> versammelt das spanische Unternehmen Kunden und Fachleute aus aller Welt in seinem Showroom, um die neuen Kollektionen und Designgrunds\u00e4tze zu pr\u00e4sentieren, die das kommende Jahr pr\u00e4gen werden.<\/p>\n<p>Mit diesem Event st\u00e4rkt Colorker seine Strategie der <strong>fr\u00fchzeitigen Produktpr\u00e4sentation<\/strong> und bietet seinen Kunden eine klare und detaillierte Vorschau auf die Kollektionen, die sp\u00e4ter auf den gro\u00dfen internationalen Branchenevents wie der <strong>Coverings<\/strong> und der <strong>Cersaie<\/strong> zu sehen sein werden.<\/p>\n<p><strong>Ein strategisches Event f\u00fcr internationale Kunden<\/strong><\/p>\n<p><strong>What\u2019s Next<\/strong> ist als Vertriebs- und Networking-Event konzipiert und erm\u00f6glicht Colorker einen direkten und pers\u00f6nlichen Austausch mit seinen Kunden in einem idealen Umfeld f\u00fcr Ideenschmieden, Trendanalysen und strategische Entscheidungsfindung.<\/p>\n<p>W\u00e4hrend des Events erhalten die Besucher Einblicke in:<\/p>\n<ul>\n<li>Die <strong>neuen Keramikkollektionen<\/strong>, die 2026 auf den Markt kommen.<\/li>\n<li>Die <strong>zentralen Design- und Produktentwicklungsgrunds\u00e4tze<\/strong> der Marke.<\/li>\n<li>Anwendungen und L\u00f6sungen f\u00fcr verschiedene M\u00e4rkte und Projektarten.<\/li>\n<li>Colorkers Sichtweise auf die internationale Entwicklung des Keramikdesigns.<\/li>\n<\/ul>\n<p><strong>\u00a0<\/strong><\/p>\n<p><strong>Ein Vorgeschmack auf die gro\u00dfen Fachmessen<\/strong><\/p>\n<p>Vor dem Hintergrund bedeutender Messen wie Coverings und Cersaie positioniert sich <strong>What\u2019s Next<\/strong> als exklusive Vorab-Pr\u00e4sentation und bietet einen Rahmen, in dem Colorker seine Neuheiten mit noch mehr Tiefe und Detailreichtum vorstellen kann, in einem Umfeld, das mit den Markenwerten im Einklang steht.<\/p>\n<p>Der Showroom von Colorker wird damit zur B\u00fchne, auf der sich Design, Innovation und Vertriebsstrategie zu einem ganzheitlichen Erlebnis f\u00fcr die Fachkundschaft verbinden.<\/p>\n<p><strong>\u00a0<\/strong><\/p>\n<p><strong>Colorker richtet den Blick auf die Zukunft<\/strong><\/p>\n<p>Mit <strong>What\u2019s Next<\/strong> bekr\u00e4ftigt Colorker sein Engagement f\u00fcr Design, Innovation und Marktn\u00e4he und st\u00e4rkt seine Positionierung als Marke mit internationaler Ausrichtung und einem klaren, differenzierten Wertversprechen.<\/p>\n<p>Vom <strong>9. bis 27. Februar<\/strong> zeigt Colorker, was die Zukunft bringt.<\/p>\n<p>&nbsp;<\/p>\n","protected":false},"excerpt":{"rendered":"<p>What\u2019s Next ist der Name des Events, mit dem Colorker dem Markt einen exklusiven Einblick in seine wichtigsten Neuheiten im Keramikbereich f\u00fcr 2026 gibt. Vom 9. bis 27. Februar versammelt das spanische Unternehmen Kunden und Fachleute aus aller Welt in seinem Showroom, um die neuen Kollektionen und Designgrunds\u00e4tze zu pr\u00e4sentieren, die das kommende Jahr pr\u00e4gen [&hellip;]<\/p>\n","protected":false},"author":1,"featured_media":67173,"comment_status":"closed","ping_status":"closed","sticky":false,"template":"","format":"standard","meta":{"_acf_changed":false,"footnotes":""},"categories":[764],"tags":[],"class_list":["post-67185","post","type-post","status-publish","format-standard","has-post-thumbnail","hentry","category-actualidad"],"acf":[],"yoast_head":"<!-- This site is optimized with the Yoast SEO plugin v27.5 - https:\/\/yoast.com\/product\/yoast-seo-wordpress\/ -->\n<title>What\u2019s Next: Colorker pr\u00e4sentiert exklusiv seine Designtrends f\u00fcr 2026 - Colorker<\/title>\n<meta name=\"robots\" content=\"index, follow, max-snippet:-1, max-image-preview:large, max-video-preview:-1\" \/>\n<link rel=\"canonical\" href=\"https:\/\/www.colorker.com\/de\/blog\/whats-next-colorker-presenta-en-primicia-sus-apuestas-de-diseno-para-2026\/\" \/>\n<meta property=\"og:locale\" content=\"de_DE\" \/>\n<meta property=\"og:type\" content=\"article\" \/>\n<meta property=\"og:title\" content=\"What\u2019s Next: Colorker pr\u00e4sentiert exklusiv seine Designtrends f\u00fcr 2026 - Colorker\" \/>\n<meta property=\"og:description\" content=\"What\u2019s Next ist der Name des Events, mit dem Colorker dem Markt einen exklusiven Einblick in seine wichtigsten Neuheiten im Keramikbereich f\u00fcr 2026 gibt. Vom 9. bis 27. Februar versammelt das spanische Unternehmen Kunden und Fachleute aus aller Welt in seinem Showroom, um die neuen Kollektionen und Designgrunds\u00e4tze zu pr\u00e4sentieren, die das kommende Jahr pr\u00e4gen [&hellip;]\" \/>\n<meta property=\"og:url\" content=\"https:\/\/www.colorker.com\/de\/blog\/whats-next-colorker-presenta-en-primicia-sus-apuestas-de-diseno-para-2026\/\" \/>\n<meta property=\"og:site_name\" content=\"Colorker\" \/>\n<meta property=\"article:published_time\" content=\"2026-01-20T11:29:21+00:00\" \/>\n<meta property=\"article:modified_time\" content=\"2026-01-20T11:33:35+00:00\" \/>\n<meta property=\"og:image\" content=\"https:\/\/www.colorker.com\/wp-content\/uploads\/2026\/01\/6C6A0202-scaled.jpg\" \/>\n\t<meta property=\"og:image:width\" content=\"2560\" \/>\n\t<meta property=\"og:image:height\" content=\"1707\" \/>\n\t<meta property=\"og:image:type\" content=\"image\/jpeg\" \/>\n<meta name=\"author\" content=\"admin-colorker\" \/>\n<meta name=\"twitter:card\" content=\"summary_large_image\" \/>\n<meta name=\"twitter:label1\" content=\"Verfasst von\" \/>\n\t<meta name=\"twitter:data1\" content=\"admin-colorker\" \/>\n\t<meta name=\"twitter:label2\" content=\"Gesch\u00e4tzte Lesezeit\" \/>\n\t<meta name=\"twitter:data2\" content=\"2\u00a0Minuten\" \/>\n<script type=\"application\/ld+json\" class=\"yoast-schema-graph\">{\"@context\":\"https:\\\/\\\/schema.org\",\"@graph\":[{\"@type\":\"Article\",\"@id\":\"https:\\\/\\\/www.colorker.com\\\/de\\\/blog\\\/whats-next-colorker-presenta-en-primicia-sus-apuestas-de-diseno-para-2026\\\/#article\",\"isPartOf\":{\"@id\":\"https:\\\/\\\/www.colorker.com\\\/de\\\/blog\\\/whats-next-colorker-presenta-en-primicia-sus-apuestas-de-diseno-para-2026\\\/\"},\"author\":{\"name\":\"admin-colorker\",\"@id\":\"https:\\\/\\\/www.colorker.com\\\/de\\\/#\\\/schema\\\/person\\\/c9a8d9d1131e599cdf78f6f7910736ca\"},\"headline\":\"What\u2019s Next: Colorker pr\u00e4sentiert exklusiv seine Designtrends f\u00fcr 2026\",\"datePublished\":\"2026-01-20T11:29:21+00:00\",\"dateModified\":\"2026-01-20T11:33:35+00:00\",\"mainEntityOfPage\":{\"@id\":\"https:\\\/\\\/www.colorker.com\\\/de\\\/blog\\\/whats-next-colorker-presenta-en-primicia-sus-apuestas-de-diseno-para-2026\\\/\"},\"wordCount\":322,\"image\":{\"@id\":\"https:\\\/\\\/www.colorker.com\\\/de\\\/blog\\\/whats-next-colorker-presenta-en-primicia-sus-apuestas-de-diseno-para-2026\\\/#primaryimage\"},\"thumbnailUrl\":\"https:\\\/\\\/www.colorker.com\\\/wp-content\\\/uploads\\\/2026\\\/01\\\/6C6A0202-scaled.jpg\",\"articleSection\":[\"Actualidad\"],\"inLanguage\":\"de\"},{\"@type\":\"WebPage\",\"@id\":\"https:\\\/\\\/www.colorker.com\\\/de\\\/blog\\\/whats-next-colorker-presenta-en-primicia-sus-apuestas-de-diseno-para-2026\\\/\",\"url\":\"https:\\\/\\\/www.colorker.com\\\/de\\\/blog\\\/whats-next-colorker-presenta-en-primicia-sus-apuestas-de-diseno-para-2026\\\/\",\"name\":\"What\u2019s Next: Colorker pr\u00e4sentiert exklusiv seine Designtrends f\u00fcr 2026 - Colorker\",\"isPartOf\":{\"@id\":\"https:\\\/\\\/www.colorker.com\\\/de\\\/#website\"},\"primaryImageOfPage\":{\"@id\":\"https:\\\/\\\/www.colorker.com\\\/de\\\/blog\\\/whats-next-colorker-presenta-en-primicia-sus-apuestas-de-diseno-para-2026\\\/#primaryimage\"},\"image\":{\"@id\":\"https:\\\/\\\/www.colorker.com\\\/de\\\/blog\\\/whats-next-colorker-presenta-en-primicia-sus-apuestas-de-diseno-para-2026\\\/#primaryimage\"},\"thumbnailUrl\":\"https:\\\/\\\/www.colorker.com\\\/wp-content\\\/uploads\\\/2026\\\/01\\\/6C6A0202-scaled.jpg\",\"datePublished\":\"2026-01-20T11:29:21+00:00\",\"dateModified\":\"2026-01-20T11:33:35+00:00\",\"author\":{\"@id\":\"https:\\\/\\\/www.colorker.com\\\/de\\\/#\\\/schema\\\/person\\\/c9a8d9d1131e599cdf78f6f7910736ca\"},\"breadcrumb\":{\"@id\":\"https:\\\/\\\/www.colorker.com\\\/de\\\/blog\\\/whats-next-colorker-presenta-en-primicia-sus-apuestas-de-diseno-para-2026\\\/#breadcrumb\"},\"inLanguage\":\"de\",\"potentialAction\":[{\"@type\":\"ReadAction\",\"target\":[\"https:\\\/\\\/www.colorker.com\\\/de\\\/blog\\\/whats-next-colorker-presenta-en-primicia-sus-apuestas-de-diseno-para-2026\\\/\"]}]},{\"@type\":\"ImageObject\",\"inLanguage\":\"de\",\"@id\":\"https:\\\/\\\/www.colorker.com\\\/de\\\/blog\\\/whats-next-colorker-presenta-en-primicia-sus-apuestas-de-diseno-para-2026\\\/#primaryimage\",\"url\":\"https:\\\/\\\/www.colorker.com\\\/wp-content\\\/uploads\\\/2026\\\/01\\\/6C6A0202-scaled.jpg\",\"contentUrl\":\"https:\\\/\\\/www.colorker.com\\\/wp-content\\\/uploads\\\/2026\\\/01\\\/6C6A0202-scaled.jpg\",\"width\":2560,\"height\":1707},{\"@type\":\"BreadcrumbList\",\"@id\":\"https:\\\/\\\/www.colorker.com\\\/de\\\/blog\\\/whats-next-colorker-presenta-en-primicia-sus-apuestas-de-diseno-para-2026\\\/#breadcrumb\",\"itemListElement\":[{\"@type\":\"ListItem\",\"position\":1,\"name\":\"Portada\",\"item\":\"https:\\\/\\\/www.colorker.com\\\/de\\\/\"},{\"@type\":\"ListItem\",\"position\":2,\"name\":\"What\u2019s Next: Colorker pr\u00e4sentiert exklusiv seine Designtrends f\u00fcr 2026\"}]},{\"@type\":\"WebSite\",\"@id\":\"https:\\\/\\\/www.colorker.com\\\/de\\\/#website\",\"url\":\"https:\\\/\\\/www.colorker.com\\\/de\\\/\",\"name\":\"Colorker\",\"description\":\"\",\"potentialAction\":[{\"@type\":\"SearchAction\",\"target\":{\"@type\":\"EntryPoint\",\"urlTemplate\":\"https:\\\/\\\/www.colorker.com\\\/de\\\/?s={search_term_string}\"},\"query-input\":{\"@type\":\"PropertyValueSpecification\",\"valueRequired\":true,\"valueName\":\"search_term_string\"}}],\"inLanguage\":\"de\"},{\"@type\":\"Person\",\"@id\":\"https:\\\/\\\/www.colorker.com\\\/de\\\/#\\\/schema\\\/person\\\/c9a8d9d1131e599cdf78f6f7910736ca\",\"name\":\"admin-colorker\",\"image\":{\"@type\":\"ImageObject\",\"inLanguage\":\"de\",\"@id\":\"https:\\\/\\\/secure.gravatar.com\\\/avatar\\\/4610bdd0b5464301c49915ce1f3c4478213c2dc56d6b0b4ab34c7720ae29968c?s=96&d=mm&r=g\",\"url\":\"https:\\\/\\\/secure.gravatar.com\\\/avatar\\\/4610bdd0b5464301c49915ce1f3c4478213c2dc56d6b0b4ab34c7720ae29968c?s=96&d=mm&r=g\",\"contentUrl\":\"https:\\\/\\\/secure.gravatar.com\\\/avatar\\\/4610bdd0b5464301c49915ce1f3c4478213c2dc56d6b0b4ab34c7720ae29968c?s=96&d=mm&r=g\",\"caption\":\"admin-colorker\"},\"sameAs\":[\"https:\\\/\\\/desarrollo.digitalsquare.es\\\/colorker2\"],\"url\":\"https:\\\/\\\/www.colorker.com\\\/de\\\/blog\\\/author\\\/admin-colorker\\\/\"}]}<\/script>\n<!-- \/ Yoast SEO plugin. -->","yoast_head_json":{"title":"What\u2019s Next: Colorker pr\u00e4sentiert exklusiv seine Designtrends f\u00fcr 2026 - Colorker","robots":{"index":"index","follow":"follow","max-snippet":"max-snippet:-1","max-image-preview":"max-image-preview:large","max-video-preview":"max-video-preview:-1"},"canonical":"https:\/\/www.colorker.com\/de\/blog\/whats-next-colorker-presenta-en-primicia-sus-apuestas-de-diseno-para-2026\/","og_locale":"de_DE","og_type":"article","og_title":"What\u2019s Next: Colorker pr\u00e4sentiert exklusiv seine Designtrends f\u00fcr 2026 - Colorker","og_description":"What\u2019s Next ist der Name des Events, mit dem Colorker dem Markt einen exklusiven Einblick in seine wichtigsten Neuheiten im Keramikbereich f\u00fcr 2026 gibt. Vom 9. bis 27. Februar versammelt das spanische Unternehmen Kunden und Fachleute aus aller Welt in seinem Showroom, um die neuen Kollektionen und Designgrunds\u00e4tze zu pr\u00e4sentieren, die das kommende Jahr pr\u00e4gen [&hellip;]","og_url":"https:\/\/www.colorker.com\/de\/blog\/whats-next-colorker-presenta-en-primicia-sus-apuestas-de-diseno-para-2026\/","og_site_name":"Colorker","article_published_time":"2026-01-20T11:29:21+00:00","article_modified_time":"2026-01-20T11:33:35+00:00","og_image":[{"width":2560,"height":1707,"url":"https:\/\/www.colorker.com\/wp-content\/uploads\/2026\/01\/6C6A0202-scaled.jpg","type":"image\/jpeg"}],"author":"admin-colorker","twitter_card":"summary_large_image","twitter_misc":{"Verfasst von":"admin-colorker","Gesch\u00e4tzte Lesezeit":"2\u00a0Minuten"},"schema":{"@context":"https:\/\/schema.org","@graph":[{"@type":"Article","@id":"https:\/\/www.colorker.com\/de\/blog\/whats-next-colorker-presenta-en-primicia-sus-apuestas-de-diseno-para-2026\/#article","isPartOf":{"@id":"https:\/\/www.colorker.com\/de\/blog\/whats-next-colorker-presenta-en-primicia-sus-apuestas-de-diseno-para-2026\/"},"author":{"name":"admin-colorker","@id":"https:\/\/www.colorker.com\/de\/#\/schema\/person\/c9a8d9d1131e599cdf78f6f7910736ca"},"headline":"What\u2019s Next: Colorker pr\u00e4sentiert exklusiv seine Designtrends f\u00fcr 2026","datePublished":"2026-01-20T11:29:21+00:00","dateModified":"2026-01-20T11:33:35+00:00","mainEntityOfPage":{"@id":"https:\/\/www.colorker.com\/de\/blog\/whats-next-colorker-presenta-en-primicia-sus-apuestas-de-diseno-para-2026\/"},"wordCount":322,"image":{"@id":"https:\/\/www.colorker.com\/de\/blog\/whats-next-colorker-presenta-en-primicia-sus-apuestas-de-diseno-para-2026\/#primaryimage"},"thumbnailUrl":"https:\/\/www.colorker.com\/wp-content\/uploads\/2026\/01\/6C6A0202-scaled.jpg","articleSection":["Actualidad"],"inLanguage":"de"},{"@type":"WebPage","@id":"https:\/\/www.colorker.com\/de\/blog\/whats-next-colorker-presenta-en-primicia-sus-apuestas-de-diseno-para-2026\/","url":"https:\/\/www.colorker.com\/de\/blog\/whats-next-colorker-presenta-en-primicia-sus-apuestas-de-diseno-para-2026\/","name":"What\u2019s Next: Colorker pr\u00e4sentiert exklusiv seine Designtrends f\u00fcr 2026 - Colorker","isPartOf":{"@id":"https:\/\/www.colorker.com\/de\/#website"},"primaryImageOfPage":{"@id":"https:\/\/www.colorker.com\/de\/blog\/whats-next-colorker-presenta-en-primicia-sus-apuestas-de-diseno-para-2026\/#primaryimage"},"image":{"@id":"https:\/\/www.colorker.com\/de\/blog\/whats-next-colorker-presenta-en-primicia-sus-apuestas-de-diseno-para-2026\/#primaryimage"},"thumbnailUrl":"https:\/\/www.colorker.com\/wp-content\/uploads\/2026\/01\/6C6A0202-scaled.jpg","datePublished":"2026-01-20T11:29:21+00:00","dateModified":"2026-01-20T11:33:35+00:00","author":{"@id":"https:\/\/www.colorker.com\/de\/#\/schema\/person\/c9a8d9d1131e599cdf78f6f7910736ca"},"breadcrumb":{"@id":"https:\/\/www.colorker.com\/de\/blog\/whats-next-colorker-presenta-en-primicia-sus-apuestas-de-diseno-para-2026\/#breadcrumb"},"inLanguage":"de","potentialAction":[{"@type":"ReadAction","target":["https:\/\/www.colorker.com\/de\/blog\/whats-next-colorker-presenta-en-primicia-sus-apuestas-de-diseno-para-2026\/"]}]},{"@type":"ImageObject","inLanguage":"de","@id":"https:\/\/www.colorker.com\/de\/blog\/whats-next-colorker-presenta-en-primicia-sus-apuestas-de-diseno-para-2026\/#primaryimage","url":"https:\/\/www.colorker.com\/wp-content\/uploads\/2026\/01\/6C6A0202-scaled.jpg","contentUrl":"https:\/\/www.colorker.com\/wp-content\/uploads\/2026\/01\/6C6A0202-scaled.jpg","width":2560,"height":1707},{"@type":"BreadcrumbList","@id":"https:\/\/www.colorker.com\/de\/blog\/whats-next-colorker-presenta-en-primicia-sus-apuestas-de-diseno-para-2026\/#breadcrumb","itemListElement":[{"@type":"ListItem","position":1,"name":"Portada","item":"https:\/\/www.colorker.com\/de\/"},{"@type":"ListItem","position":2,"name":"What\u2019s Next: Colorker pr\u00e4sentiert exklusiv seine Designtrends f\u00fcr 2026"}]},{"@type":"WebSite","@id":"https:\/\/www.colorker.com\/de\/#website","url":"https:\/\/www.colorker.com\/de\/","name":"Colorker","description":"","potentialAction":[{"@type":"SearchAction","target":{"@type":"EntryPoint","urlTemplate":"https:\/\/www.colorker.com\/de\/?s={search_term_string}"},"query-input":{"@type":"PropertyValueSpecification","valueRequired":true,"valueName":"search_term_string"}}],"inLanguage":"de"},{"@type":"Person","@id":"https:\/\/www.colorker.com\/de\/#\/schema\/person\/c9a8d9d1131e599cdf78f6f7910736ca","name":"admin-colorker","image":{"@type":"ImageObject","inLanguage":"de","@id":"https:\/\/secure.gravatar.com\/avatar\/4610bdd0b5464301c49915ce1f3c4478213c2dc56d6b0b4ab34c7720ae29968c?s=96&d=mm&r=g","url":"https:\/\/secure.gravatar.com\/avatar\/4610bdd0b5464301c49915ce1f3c4478213c2dc56d6b0b4ab34c7720ae29968c?s=96&d=mm&r=g","contentUrl":"https:\/\/secure.gravatar.com\/avatar\/4610bdd0b5464301c49915ce1f3c4478213c2dc56d6b0b4ab34c7720ae29968c?s=96&d=mm&r=g","caption":"admin-colorker"},"sameAs":["https:\/\/desarrollo.digitalsquare.es\/colorker2"],"url":"https:\/\/www.colorker.com\/de\/blog\/author\/admin-colorker\/"}]}},"_links":{"self":[{"href":"https:\/\/www.colorker.com\/de\/wp-json\/wp\/v2\/posts\/67185","targetHints":{"allow":["GET"]}}],"collection":[{"href":"https:\/\/www.colorker.com\/de\/wp-json\/wp\/v2\/posts"}],"about":[{"href":"https:\/\/www.colorker.com\/de\/wp-json\/wp\/v2\/types\/post"}],"author":[{"embeddable":true,"href":"https:\/\/www.colorker.com\/de\/wp-json\/wp\/v2\/users\/1"}],"replies":[{"embeddable":true,"href":"https:\/\/www.colorker.com\/de\/wp-json\/wp\/v2\/comments?post=67185"}],"version-history":[{"count":1,"href":"https:\/\/www.colorker.com\/de\/wp-json\/wp\/v2\/posts\/67185\/revisions"}],"predecessor-version":[{"id":67189,"href":"https:\/\/www.colorker.com\/de\/wp-json\/wp\/v2\/posts\/67185\/revisions\/67189"}],"wp:featuredmedia":[{"embeddable":true,"href":"https:\/\/www.colorker.com\/de\/wp-json\/wp\/v2\/media\/67173"}],"wp:attachment":[{"href":"https:\/\/www.colorker.com\/de\/wp-json\/wp\/v2\/media?parent=67185"}],"wp:term":[{"taxonomy":"category","embeddable":true,"href":"https:\/\/www.colorker.com\/de\/wp-json\/wp\/v2\/categories?post=67185"},{"taxonomy":"post_tag","embeddable":true,"href":"https:\/\/www.colorker.com\/de\/wp-json\/wp\/v2\/tags?post=67185"}],"curies":[{"name":"wp","href":"https:\/\/api.w.org\/{rel}","templated":true}]}}